{"id":33859,"date":"2019-03-02T10:43:01","date_gmt":"2019-03-02T15:43:01","guid":{"rendered":"http:\/\/contraluzcucuta.co\/?p=33859"},"modified":"2019-03-02T10:43:01","modified_gmt":"2019-03-02T15:43:01","slug":"crisis-en-la-frontera-nosotros-somos-la-ayuda-humanitaria-monsenor-moronta","status":"publish","type":"post","link":"https:\/\/contraluzcucuta.co\/?p=33859","title":{"rendered":"CRISIS EN LA FRONTERA. \u201cNosotros somos la ayuda humanitaria\u201d: monse\u00f1or Moronta"},"content":{"rendered":"<p><span style=\"color: #ff6600;\"><strong>SAN CRIST\u00d3BAL \u2013 Venezuela.-<\/strong> \u201cTu pueblo clama por justicia para que se le reconozca su dignidad tan rebajada por las burlas y escarnios de quienes se consideran superiores a los dem\u00e1s\u201d. As\u00ed or\u00f3 el obispo de San Crist\u00f3bal, monse\u00f1or Mario Moronta, durante la procesi\u00f3n por la fe y esperanza por la vida, organizada por la Di\u00f3cesis de la capital tachirense.<\/span><\/p>\n<p>Pidi\u00f3 justicia para vivir en paz. \u201cEs el grito desgarrador de los enfermos, de toda edad y condici\u00f3n, que no consiguen insumos para curar su salud deteriorada\u201d.<\/p>\n<p>El prelado suplic\u00f3 a Dios, respeto para el pueblo, porque son muchos los que:<\/p>\n<p>1.- Se dedican al comercio de muerte de la droga<\/p>\n<p>2.- Han hecho de la corrupci\u00f3n un estilo de vida propio<\/p>\n<p>3.- Contrabandean, especulan o bachaquean<\/p>\n<p>4.- Reprimen con violencia la protesta<\/p>\n<p>5.- En vez de tender puentes o los cierran o profundizan las brechas y barrancos existenciales.<\/p>\n<p>Monse\u00f1or Moronta record\u00f3 en la plegaria que \u201cla tarea urgente es la reconciliaci\u00f3n\u201d, porque, lamentablemente, hay mucho odio y rabia, con deseos de revancha y retaliaciones. \u201cY no es f\u00e1cil ante tantos vej\u00e1menes\u201d.<\/p>\n<p>Por calles y avenidas de San Crist\u00f3bal se llev\u00f3 a cabo la procesi\u00f3n para incentivar la oraci\u00f3n por la paz, la justicia, la libertad y la reconciliaci\u00f3n en Venezuela. El lema de la caminata fue \u201cCristo camina con su pueblo, y el pueblo camina con su Redentor y Salvador\u201d.<\/p>\n<p>El obispo hizo referencia al desalentado pueblo que no ha recibido la ayuda humanitaria. \u201cLa verdadera ayuda humanitaria, que no puede ser frenada ni destruida con incendios ni detenida por nadie, es la nuestra\u201d. El 23 de febrero, se ten\u00eda proyectado el ingreso de alimentos y medicinas aportados por pa\u00edses latinoamericanos y europeos, pero el gobierno de Nicol\u00e1s maduro lo impidi\u00f3.<\/p>\n<p>\u201cSe\u00f1or, ay\u00fadanos a hacer sentir que somos nosotros la ayuda humanitaria, necesitada de otros tantos auxilios, es verdad: pero nuestro amor, nuestra solidaridad, lo que hacemos los unos por los otros y la tarea y la lucha por la libertad y dignificaci\u00f3n es la aut\u00e9ntica ayuda humanitaria que tiene Venezuela\u201d.<\/p>\n<p>La procesi\u00f3n recorri\u00f3 diversos lugares de la ciudad y pueblos circunvecinos. Desde la parroquia Santa Rosa, en La Concordia, fue llevado el Sant\u00edsimo Sacramento, junto a la r\u00e9plica del Santo Cristo de La Grita. Desde la Bas\u00edlica de T\u00e1riba sali\u00f3 la r\u00e9plica de la Virgen de la Consolaci\u00f3n.<\/p>\n<p>Monse\u00f1or Moronta pidi\u00f3 a Jes\u00fas Sacramentado que \u201ctoques el coraz\u00f3n de quienes tienen la responsabilidad de los cambios que se necesitan en nuestra naci\u00f3n. Ellos necesitan tu luz. Que se alejen la maldad y la prepotencia, que quienes buscan los cambios no se dejen llevar por las ansias de poder y de riqueza. Que todos se sientan pueblo y se solidaricen con \u00e9l\u201d.<\/p>\n<p>La jornada de oraci\u00f3n concluy\u00f3 con la bendici\u00f3n del Sant\u00edsimo Sacramento a los cuatro puntos cardinales de Venezuela y a Colombia.<\/p>\n","protected":false},"excerpt":{"rendered":"<p>SAN CRIST\u00d3BAL \u2013 Venezuela.- \u201cTu pueblo clama por justicia para que se le reconozca su dignidad tan rebajada por las burlas y escarnios de quienes se consideran superiores a los dem\u00e1s\u201d. As\u00ed or\u00f3 el obispo de San Crist\u00f3bal, monse\u00f1or Mario Moronta, durante la procesi\u00f3n por la fe y esperanza por la vida, organizada por la &hellip;<\/p>\n","protected":false},"author":1,"featured_media":33860,"comment_status":"open","ping_status":"open","sticky":false,"template":"","format":"standard","meta":{"footnotes":""},"categories":[1326,45,4],"tags":[3987,2483,2491],"class_list":["post-33859","post","type-post","status-publish","format-standard","has-post-thumbnail","hentry","category-crisis-en-venezuela-2","category-destacado","category-barra","tag-ayuda-humanitaria","tag-crisis-en-la-frontera","tag-monsenor-mario-moronta"],"_links":{"self":[{"href":"https:\/\/contraluzcucuta.co\/index.php?rest_route=\/wp\/v2\/posts\/33859","targetHints":{"allow":["GET"]}}],"collection":[{"href":"https:\/\/contraluzcucuta.co\/index.php?rest_route=\/wp\/v2\/posts"}],"about":[{"href":"https:\/\/contraluzcucuta.co\/index.php?rest_route=\/wp\/v2\/types\/post"}],"author":[{"embeddable":true,"href":"https:\/\/contraluzcucuta.co\/index.php?rest_route=\/wp\/v2\/users\/1"}],"replies":[{"embeddable":true,"href":"https:\/\/contraluzcucuta.co\/index.php?rest_route=%2Fwp%2Fv2%2Fcomments&post=33859"}],"version-history":[{"count":1,"href":"https:\/\/contraluzcucuta.co\/index.php?rest_route=\/wp\/v2\/posts\/33859\/revisions"}],"predecessor-version":[{"id":33861,"href":"https:\/\/contraluzcucuta.co\/index.php?rest_route=\/wp\/v2\/posts\/33859\/revisions\/33861"}],"wp:featuredmedia":[{"embeddable":true,"href":"https:\/\/contraluzcucuta.co\/index.php?rest_route=\/wp\/v2\/media\/33860"}],"wp:attachment":[{"href":"https:\/\/contraluzcucuta.co\/index.php?rest_route=%2Fwp%2Fv2%2Fmedia&parent=33859"}],"wp:term":[{"taxonomy":"category","embeddable":true,"href":"https:\/\/contraluzcucuta.co\/index.php?rest_route=%2Fwp%2Fv2%2Fcategories&post=33859"},{"taxonomy":"post_tag","embeddable":true,"href":"https:\/\/contraluzcucuta.co\/index.php?rest_route=%2Fwp%2Fv2%2Ftags&post=33859"}],"curies":[{"name":"wp","href":"https:\/\/api.w.org\/{rel}","templated":true}]}}