{"id":33856,"date":"2019-03-02T10:12:46","date_gmt":"2019-03-02T15:12:46","guid":{"rendered":"http:\/\/contraluzcucuta.co\/?p=33856"},"modified":"2019-03-02T11:57:05","modified_gmt":"2019-03-02T16:57:05","slug":"futbol-de-primera-chaverra-vuelve-al-arco-motilon-frente-a-equidad","status":"publish","type":"post","link":"https:\/\/contraluzcucuta.co\/?p=33856","title":{"rendered":"F\u00daTBOL DE PRIMERA. Chaverra vuelve al arco motil\u00f3n frente a Equidad"},"content":{"rendered":"<p style=\"padding-left: 60px;\"><span style=\"color: #ff6600;\"><strong>C\u00daCUTA.-<\/strong> Juan Camilo Chaverra, portero titular del C\u00facuta Deportivo, se recuper\u00f3 de la lesi\u00f3n sufrida fechas atr\u00e1s y volvi\u00f3 a ser convocado por el t\u00e9cnico Sebasti\u00e1n M\u00e9ndez para el compromiso de esta tarde frente a La Equidad. Mientras cumpl\u00eda las fechas de quietud, la responsabilidad de defender el arco se la encargaron a Jhonny Da Silva, quien tuvo destacadas actuaciones para mantener el invicto.<\/span><\/p>\n<p>El equipo viaj\u00f3 a la capital de la rep\u00fablica para afrontar la octava fecha de la Liga del f\u00fatbol profesional colombiano. El compromiso se jugar\u00e1 a partir de las 7:45 de la noche en el estadio Metropolitano de Techo.<\/p>\n<p>El cuadro motil\u00f3n es segundo en la clasificaci\u00f3n del campeonato, con 17 puntos, fruto de 5 partidos ganados y dos empatados. Hasta el momento no conoce la derrota. Suma 14 goles a favor y le han convertido 6, para una diferencia de 8 tantos. El rival de hoy es 12, con 7 puntos.<\/p>\n<p>En el \u00faltimo compromiso el elenco rojinegro gano (2-0) a Huila, en el estadio General Santander, que ha retomado la condici\u00f3n de escenario inexpugnable. En el pasado, jugar en C\u00facuta resultaba dif\u00edcil para cualquiera de los rivales. Hoy, la afici\u00f3n ha devuelto esta caracter\u00edstica y los miles de j\u00f3venes y adulta que colman los grader\u00edos empujan con vigor a los futbolistas para mantener el invicto.<\/p>\n<p>Darwin Carrero y Mauricio Duarte, nacidos en esta tierra y surgidos de equipos locales, marcaron los goles contra los opitas para mantener al conjunto fronterizo en los primeros lugares de la tabla. Jonathan Agudelo, el goleador natural del C\u00facuta Deportivo, no se report\u00f3 en esta ocasi\u00f3n en el marcador, aunque cumpli\u00f3 a cabalidad con las \u00f3rdenes del t\u00e9cnico M\u00e9ndez.<\/p>\n<p>En la tabla del descenso, el coco que m\u00e1s asusta a los hinchas motilones por las recientes experiencias, el cuadro rojinegro aparece en la casilla 13, con 105 puntos en total y 1.235 en el promedio. Por detr\u00e1s quedan Patriotas, Huila, Rionegro \u00c1guilas, Envigado, Pasto, U. Magdalena y Alianza Petrolera.<\/p>\n<p>La n\u00f3mina que viaj\u00f3 a la capital de la rep\u00fablica es la siguiente:<\/p>\n<p>1.- Porteros. Juan Camilo Chaverra y Jhonny Da Silva<\/p>\n<p>2.- Defensas. Braynner Garc\u00eda, Darwin Carrero, Javier L\u00f3pez, Harrison Canchimbo, Mauricio Duarte y James Castro<\/p>\n<p>3.- Medio campo. Erick Monta\u00f1o, Diego Chica, John Hern\u00e1ndez, Michael L\u00f3pez, Mat\u00edas P\u00e9rez y Jeysen N\u00fa\u00f1ez<\/p>\n<p>4.- Delanteros. Carlos Mosquera, Jhonathan Agudelo, Wilberto Cosme y Luis Miranda.<\/p>\n<p>El plantel descansar\u00e1 en Bogot\u00e1 y retornar\u00e1 el domingo, en la ma\u00f1ana, a C\u00facuta.<\/p>\n<p>La Comisi\u00f3n Arbitral de la Federaci\u00f3n Colombiana de F\u00fatbol inform\u00f3 que los \u00e1rbitros que dirigir\u00e1n el partido ser\u00e1n los siguientes:<\/p>\n<p>Central: Leonard Mosquera \u2013 Antioquia<br \/>\nAsistente No.1: Javier Zemanate \u2013 Huila<br \/>\nAsistente No.2: Kevin Agamez \u2013 Bol\u00edvar<br \/>\nEmergente: Wander Mosquera \u2013 Cundinamarca<\/p>\n","protected":false},"excerpt":{"rendered":"<p>C\u00daCUTA.- Juan Camilo Chaverra, portero titular del C\u00facuta Deportivo, se recuper\u00f3 de la lesi\u00f3n sufrida fechas atr\u00e1s y volvi\u00f3 a ser convocado por el t\u00e9cnico Sebasti\u00e1n M\u00e9ndez para el compromiso de esta tarde frente a La Equidad. Mientras cumpl\u00eda las fechas de quietud, la responsabilidad de defender el arco se la encargaron a Jhonny Da &hellip;<\/p>\n","protected":false},"author":1,"featured_media":33857,"comment_status":"open","ping_status":"open","sticky":false,"template":"","format":"standard","meta":{"footnotes":""},"categories":[4,28],"tags":[4378,4467,4412],"class_list":["post-33856","post","type-post","status-publish","format-standard","has-post-thumbnail","hentry","category-barra","category-vistazo-deportivo","tag-cucuta-deportivo-2019","tag-juan-camilo-chaverra","tag-liga-aguila-2019"],"_links":{"self":[{"href":"https:\/\/contraluzcucuta.co\/index.php?rest_route=\/wp\/v2\/posts\/33856","targetHints":{"allow":["GET"]}}],"collection":[{"href":"https:\/\/contraluzcucuta.co\/index.php?rest_route=\/wp\/v2\/posts"}],"about":[{"href":"https:\/\/contraluzcucuta.co\/index.php?rest_route=\/wp\/v2\/types\/post"}],"author":[{"embeddable":true,"href":"https:\/\/contraluzcucuta.co\/index.php?rest_route=\/wp\/v2\/users\/1"}],"replies":[{"embeddable":true,"href":"https:\/\/contraluzcucuta.co\/index.php?rest_route=%2Fwp%2Fv2%2Fcomments&post=33856"}],"version-history":[{"count":3,"href":"https:\/\/contraluzcucuta.co\/index.php?rest_route=\/wp\/v2\/posts\/33856\/revisions"}],"predecessor-version":[{"id":33869,"href":"https:\/\/contraluzcucuta.co\/index.php?rest_route=\/wp\/v2\/posts\/33856\/revisions\/33869"}],"wp:featuredmedia":[{"embeddable":true,"href":"https:\/\/contraluzcucuta.co\/index.php?rest_route=\/wp\/v2\/media\/33857"}],"wp:attachment":[{"href":"https:\/\/contraluzcucuta.co\/index.php?rest_route=%2Fwp%2Fv2%2Fmedia&parent=33856"}],"wp:term":[{"taxonomy":"category","embeddable":true,"href":"https:\/\/contraluzcucuta.co\/index.php?rest_route=%2Fwp%2Fv2%2Fcategories&post=33856"},{"taxonomy":"post_tag","embeddable":true,"href":"https:\/\/contraluzcucuta.co\/index.php?rest_route=%2Fwp%2Fv2%2Ftags&post=33856"}],"curies":[{"name":"wp","href":"https:\/\/api.w.org\/{rel}","templated":true}]}}