{"id":33851,"date":"2019-02-28T21:49:33","date_gmt":"2019-03-01T02:49:33","guid":{"rendered":"http:\/\/contraluzcucuta.co\/?p=33851"},"modified":"2019-02-28T21:49:33","modified_gmt":"2019-03-01T02:49:33","slug":"relevo-en-denor-coronel-fabian-ospina-nuevo-comandante","status":"publish","type":"post","link":"https:\/\/contraluzcucuta.co\/?p=33851","title":{"rendered":"RELEVO EN DENOR. Coronel Fabi\u00e1n Ospina, nuevo comandante"},"content":{"rendered":"<p style=\"padding-left: 60px;\"><span style=\"color: #ff6600;\"><strong>C\u00daCUTA.<\/strong> El coronel Fabi\u00e1n Ospina Guti\u00e9rrez releva en la comandancia del Departamento de Polic\u00eda Norte de Santander al tambi\u00e9n coronel George Quintero. El comandante entrante tendr\u00e1 en sus manos la seguridad de uno de los departamentos m\u00e1s conflictivos del pa\u00eds y con una coyuntura especial por los recientes acontecimientos en la frontera con Venezuela.<\/span><\/p>\n<p>El coronel Ospina, con el temple y el compromiso que lo caracterizan, direccionar\u00e1 el grupo de hombres y mujeres polic\u00edas que trabajan a diario por la convivencia ciudadana. En m\u00e1s de 27 a\u00f1os de trayectoria institucional, ha laborado en los Departamentos de Polic\u00eda Guaviare, Cesar y Risaralda, y en las Metropolitanas de Pereira y Bogot\u00e1.<\/p>\n<p>Se ha desempe\u00f1ado como comandante Operativo de Seguridad Ciudadana y Subcomandante en el Departamento de Polic\u00eda Quind\u00edo y Atl\u00e1ntico, y recientemente en la Metropolitana de Cali. El mando institucional lo escogi\u00f3 por sus m\u00faltiples cualidades y capacidades para comandar esta unidad policial.<\/p>\n<p>Mediante la Resoluci\u00f3n 0982 del 25 de febrero, el coronel Ospina, oriundo de Girardot, administrador de empresas y administrador policial, fue designado para Norte de Santander. El prop\u00f3sito es aportar desde el profesionalismo, la experiencia y la trayectoria institucional.<\/p>\n<p>Las 23 condecoraciones, las 9 medallas, las 11 menciones honor\u00edficas y otros distintivos resaltan la labor desempe\u00f1ada en la Polic\u00eda. \u201dTrabajaremos con empe\u00f1o y de la mano de la comunidad, con informaci\u00f3n oportuna de las Redes de Participaci\u00f3n C\u00edvica que permitan lograr resultados importantes en la lucha contra la delincuencia y la desarticulaci\u00f3n de grupos armados organizados al margen de la ley\u201d, \u00a0afirm\u00f3 el coronel Fabi\u00e1n Ospina Guti\u00e9rrez.<\/p>\n","protected":false},"excerpt":{"rendered":"<p>C\u00daCUTA. El coronel Fabi\u00e1n Ospina Guti\u00e9rrez releva en la comandancia del Departamento de Polic\u00eda Norte de Santander al tambi\u00e9n coronel George Quintero. El comandante entrante tendr\u00e1 en sus manos la seguridad de uno de los departamentos m\u00e1s conflictivos del pa\u00eds y con una coyuntura especial por los recientes acontecimientos en la frontera con Venezuela. El &hellip;<\/p>\n","protected":false},"author":1,"featured_media":33852,"comment_status":"open","ping_status":"open","sticky":false,"template":"","format":"standard","meta":{"footnotes":""},"categories":[11,4],"tags":[4466,3623,3070],"class_list":["post-33851","post","type-post","status-publish","format-standard","has-post-thumbnail","hentry","category-cronica-roja","category-barra","tag-coronel-fabian-ospina","tag-coronel-george-quintero","tag-denor-coest"],"_links":{"self":[{"href":"https:\/\/contraluzcucuta.co\/index.php?rest_route=\/wp\/v2\/posts\/33851","targetHints":{"allow":["GET"]}}],"collection":[{"href":"https:\/\/contraluzcucuta.co\/index.php?rest_route=\/wp\/v2\/posts"}],"about":[{"href":"https:\/\/contraluzcucuta.co\/index.php?rest_route=\/wp\/v2\/types\/post"}],"author":[{"embeddable":true,"href":"https:\/\/contraluzcucuta.co\/index.php?rest_route=\/wp\/v2\/users\/1"}],"replies":[{"embeddable":true,"href":"https:\/\/contraluzcucuta.co\/index.php?rest_route=%2Fwp%2Fv2%2Fcomments&post=33851"}],"version-history":[{"count":1,"href":"https:\/\/contraluzcucuta.co\/index.php?rest_route=\/wp\/v2\/posts\/33851\/revisions"}],"predecessor-version":[{"id":33853,"href":"https:\/\/contraluzcucuta.co\/index.php?rest_route=\/wp\/v2\/posts\/33851\/revisions\/33853"}],"wp:featuredmedia":[{"embeddable":true,"href":"https:\/\/contraluzcucuta.co\/index.php?rest_route=\/wp\/v2\/media\/33852"}],"wp:attachment":[{"href":"https:\/\/contraluzcucuta.co\/index.php?rest_route=%2Fwp%2Fv2%2Fmedia&parent=33851"}],"wp:term":[{"taxonomy":"category","embeddable":true,"href":"https:\/\/contraluzcucuta.co\/index.php?rest_route=%2Fwp%2Fv2%2Fcategories&post=33851"},{"taxonomy":"post_tag","embeddable":true,"href":"https:\/\/contraluzcucuta.co\/index.php?rest_route=%2Fwp%2Fv2%2Ftags&post=33851"}],"curies":[{"name":"wp","href":"https:\/\/api.w.org\/{rel}","templated":true}]}}