{"id":33832,"date":"2019-02-26T15:24:21","date_gmt":"2019-02-26T20:24:21","guid":{"rendered":"http:\/\/contraluzcucuta.co\/?p=33832"},"modified":"2019-02-26T15:24:21","modified_gmt":"2019-02-26T20:24:21","slug":"notas-al-margen-en-la-frontera-hay-soluciones-binacionales-de-enorme-importancia","status":"publish","type":"post","link":"https:\/\/contraluzcucuta.co\/?p=33832","title":{"rendered":"NOTAS AL MARGEN. En la frontera hay soluciones binacionales de enorme importancia"},"content":{"rendered":"<p style=\"padding-left: 60px;\"><span style=\"color: #ff6600;\">1.- Si hay algo que se insin\u00faa con caracteres de urgencia e inmediatamente despu\u00e9s de las soluciones que se precisen y adopten, para encarar y promover todo cuanto requiere Venezuela, en el hallazgo de la paz y en la adopci\u00f3n de f\u00f3rmulas y medidas que permitan superar la enorme crisis econ\u00f3mica que registra, es todo lo referente a lo que experimentan las zonas fronterizas con Colombia. <\/span><\/p>\n<p style=\"padding-left: 60px;\">Dada la magnitud del desamparo por el centralismo existente y la ausencia de coordinaciones y entendimientos entre los gobiernos de Caracas y Bogot\u00e1 y que traducen con ejemplos deplorables lo que significan los \u00edndices de desempleo, inseguridad y carencia de incentivos, est\u00edmulos, mecanismos y pol\u00edticas concertadas en servicios b\u00e1sicos, carreteras y empalmes f\u00e9rreos y a\u00e9reos, m\u00e1s la asistencia y ayuda de prospectos financieros y de aplicaci\u00f3n econ\u00f3mica binacional, como se lleg\u00f3 a plantear varios a\u00f1os atr\u00e1s con el Banco Interamericano de Desarrollo (BID) y para los efectos de parques industriales, parques tecnol\u00f3gicos, Zonas Francas Especializadas y Zonas Aduaneras para Maquiladoras y prospectos internacionales, con apoyo de universidades, Centros de Innovaci\u00f3n y Estudios Operacionales, gremios y asociaciones laborales.<\/p>\n<p>2.- La conveniencia de un juicioso an\u00e1lisis a la situaci\u00f3n y perspectivas de la Zona Fronteriza es de enorme importancia, porque en nada favorece a Venezuela y a Colombia el mantener y observar diariamente los indicadores del desempleo, la inseguridad, m\u00e1s los avisos de Se vende y Se arrienda, pero sin ninguna variable en los apoyos que son indispensables para encarar y asumir una postura trasformadora y progresista, porque no se escuchan, ni atienden los llamados en procura del Ministerio de Fronteras y la Contralor\u00eda de Fronteras, para empezar a encaminar planes, proyectos y propuestas con uni\u00f3n y visi\u00f3n futurista en lo nacional e internacional.<\/p>\n<p>La ubicaci\u00f3n geoestrat\u00e9gica y las ventajas comparativas \u2013 no utilizadas \u2013 y los productos que pudieran ser objeto de primaria atenci\u00f3n, exigen consideraciones urgentes, como igualmente lo es todo cuanto se refiere a El Catatumbo y la protecci\u00f3n ind\u00edgena Bari, con ayudas, acercamientos y perspectivas para hacer de las fronteras opciones de proyecci\u00f3n y jam\u00e1s el cierre o limitaci\u00f3n de contactos que, como ahora, las agobia, condiciona y limita.<\/p>\n<p>3.- Valga destacar que en menos de dos anualidades celebraremos los 200 a\u00f1os del Congreso Constituyente de la Gran Colombia y que las mutuas interrelaciones entre Venezuela y Colombia deben confluir sobre la orientaci\u00f3n y la gu\u00eda b\u00e1sica, para hacer de la uni\u00f3n &#8211; que se insin\u00faa y proyecta desde la Independencia &#8211; en una clara y dispuesta determinaci\u00f3n de las dos naciones, para cumplir lo que se formulara y que Sim\u00f3n Bol\u00edvar concret\u00f3, visualiz\u00f3 y proyect\u00f3 cuando dijo, \u201cEl no habernos compuesto con Santander, nos ha perjudicado a todos\u201d.<\/p>\n<p>Es de esperar, que a nivel presidencial y de los Congresos, como de la comunidad binacional, se actualicen y definan los entendimientos, acciones y asistencias que piden las fronteras y sus pobladores.<\/p>\n<p><strong>JOSE NEIRA REY<\/strong><\/p>\n","protected":false},"excerpt":{"rendered":"<p>1.- Si hay algo que se insin\u00faa con caracteres de urgencia e inmediatamente despu\u00e9s de las soluciones que se precisen y adopten, para encarar y promover todo cuanto requiere Venezuela, en el hallazgo de la paz y en la adopci\u00f3n de f\u00f3rmulas y medidas que permitan superar la enorme crisis econ\u00f3mica que registra, es todo &hellip;<\/p>\n","protected":false},"author":1,"featured_media":33833,"comment_status":"open","ping_status":"open","sticky":false,"template":"","format":"standard","meta":{"footnotes":""},"categories":[14,4],"tags":[382,956,4463,4462],"class_list":["post-33832","post","type-post","status-publish","format-standard","has-post-thumbnail","hentry","category-articulistas","category-barra","tag-jose-neira","tag-notas-al-margen","tag-se-arrienda","tag-se-vende"],"_links":{"self":[{"href":"https:\/\/contraluzcucuta.co\/index.php?rest_route=\/wp\/v2\/posts\/33832","targetHints":{"allow":["GET"]}}],"collection":[{"href":"https:\/\/contraluzcucuta.co\/index.php?rest_route=\/wp\/v2\/posts"}],"about":[{"href":"https:\/\/contraluzcucuta.co\/index.php?rest_route=\/wp\/v2\/types\/post"}],"author":[{"embeddable":true,"href":"https:\/\/contraluzcucuta.co\/index.php?rest_route=\/wp\/v2\/users\/1"}],"replies":[{"embeddable":true,"href":"https:\/\/contraluzcucuta.co\/index.php?rest_route=%2Fwp%2Fv2%2Fcomments&post=33832"}],"version-history":[{"count":1,"href":"https:\/\/contraluzcucuta.co\/index.php?rest_route=\/wp\/v2\/posts\/33832\/revisions"}],"predecessor-version":[{"id":33834,"href":"https:\/\/contraluzcucuta.co\/index.php?rest_route=\/wp\/v2\/posts\/33832\/revisions\/33834"}],"wp:featuredmedia":[{"embeddable":true,"href":"https:\/\/contraluzcucuta.co\/index.php?rest_route=\/wp\/v2\/media\/33833"}],"wp:attachment":[{"href":"https:\/\/contraluzcucuta.co\/index.php?rest_route=%2Fwp%2Fv2%2Fmedia&parent=33832"}],"wp:term":[{"taxonomy":"category","embeddable":true,"href":"https:\/\/contraluzcucuta.co\/index.php?rest_route=%2Fwp%2Fv2%2Fcategories&post=33832"},{"taxonomy":"post_tag","embeddable":true,"href":"https:\/\/contraluzcucuta.co\/index.php?rest_route=%2Fwp%2Fv2%2Ftags&post=33832"}],"curies":[{"name":"wp","href":"https:\/\/api.w.org\/{rel}","templated":true}]}}