{"id":33829,"date":"2019-02-26T14:47:33","date_gmt":"2019-02-26T19:47:33","guid":{"rendered":"http:\/\/contraluzcucuta.co\/?p=33829"},"modified":"2019-02-26T14:47:33","modified_gmt":"2019-02-26T19:47:33","slug":"jardin-plaza-cucuta-en-40-000-metros-cuadrados-invertidos-185-000-millones","status":"publish","type":"post","link":"https:\/\/contraluzcucuta.co\/?p=33829","title":{"rendered":"JARD\u00cdN PLAZA C\u00daCUTA. En 40.000 metros cuadrados, invertidos $ 185.000 millones"},"content":{"rendered":"<p style=\"padding-left: 60px;\"><span style=\"color: #ff6600;\"><strong>C\u00daCUTA.-<\/strong> Luego de 6 a\u00f1os de comenzado el proyecto, este 27 de febrero abre las puertas al p\u00fablico Jard\u00edn Plaza C\u00facuta. La inversi\u00f3n en la obra, que abarca 40.00 metro cuadrados, alcanz\u00f3 los $ 185.000 millones. \u00a0El centro comercial, \u00fanico operado bajo modelo de concesi\u00f3n ofrecer\u00e1 a los cucute\u00f1os la experiencia a cielo abierto y resalta la cultura de la regi\u00f3n.<\/span><\/p>\n<p>Las compa\u00f1\u00edas Sonae Sierra, portuguesa, y Central Control, colombiana, desarrolladoras y administradoras de centros comerciales, hicieron la apuesta, que se materializa en el complejo arquitect\u00f3nico ubicado en el anillo vial oriental.<\/p>\n<p>\u201cJard\u00edn Plaza C\u00facuta supone un nuevo concepto dentro de la actividad comercial y de ocio de la ciudad\u201d, dijo Tiago Eiro, gerente general de Sonae Sierra en Colombia. En el lugar, los visitantes podr\u00e1n relajarse, dar un paseo, comer con los amigos, ver espect\u00e1culos en vivo y disfrutar los eventos. \u201cHoy, estamos muy orgullosos de presentar el resultado de nuestro primer proyecto en Colombia\u201d.<\/p>\n<p>M\u00e1s all\u00e1 de la oferta comercial y de entretenimiento, Jard\u00edn Plaza se convertir\u00e1 en el centro econ\u00f3mico y de generaci\u00f3n de empleo para la ciudad. En la operaci\u00f3n se abrir\u00e1n 3500 plazas laborales, entre empleos directos e indirectos. Adem\u00e1s de los 1500 empleos en la fase de construcci\u00f3n.<\/p>\n<p>\u201cUno de nuestros principales objetivos al construir Jard\u00edn Plaza C\u00facuta es dinamizar el comercio en la ciudad\u201d, manifest\u00f3 Juan Luis Restrepo, presidente de Central Control. El centro comercial brindar\u00e1 espacios para que comerciantes locales, nacionales e internacionales posicionen los negocios. Los comerciantes son arrendatarios de los locales y el centro comercial es el \u00fanico due\u00f1o.<\/p>\n<p>El Pei, veh\u00edculo de inversi\u00f3n inmobiliaria l\u00edder en Colombia, se uni\u00f3 como inversionista en Jard\u00edn Plaza C\u00facuta, confirm\u00e1ndose la robustez del centro comercial que traer\u00e1 beneficios a visitantes y comercios. \u201cNos sentimos orgullosos de esta transacci\u00f3n, que replica un modelo de negocio exitoso en Cali\u201d, acot\u00f3 Jairo Corrales, presidente de Pei Asset Management, administrador inmobiliario del Pei.<\/p>\n<p><strong>Dise\u00f1o innovador y sostenible<\/strong><\/p>\n<p>Por el concepto al aire libre, los visitantes disfrutar\u00e1n de la interacci\u00f3n con el entorno natural y contar\u00e1n con plazoleta de comidas y zonas de circulaci\u00f3n, que garantizar\u00e1n la comodidad y facilitar\u00e1n las compras sin importar el clima.<\/p>\n<p>Para el dise\u00f1o a cielo abierto se adelantaron estudios integrales que incluyen las particularidades del clima de la zona, la gente y la cultura. Los estudios incluyeron salidas y puestas del sol, y las corrientes de los vientos que se dan en la ciudad. A partir de los resultados, se concret\u00f3 el dise\u00f1o exclusivo en el que la naturaleza, el agua y la variedad de plantas, juegan papel fundamental para garantizar una experiencia \u00fanica a los visitantes.<\/p>\n<p>Los materiales utilizados en la construcci\u00f3n y ambientaci\u00f3n del centro comercial han sido provistos localmente y pueden observarse en muchos acabados. Un ejemplo es el uso de la guadua.<\/p>\n<p>Jard\u00edn Plaza C\u00facuta fue desarrollado integrando caracter\u00edsticas sostenibles, basadas en est\u00e1ndares internacionales, que permiten minimizar los riesgos de seguridad y salud y los impactos ambientales de la construcci\u00f3n y operaci\u00f3n del centro comercial. Como garant\u00eda, la gesti\u00f3n de la construcci\u00f3n se ha certificado por el est\u00e1ndar internacional ISO14001 de gesti\u00f3n ambiental y la ISO45001 de seguridad y salud por la auditora Lloyd\u2019s Quality Register Assurance (LRQA).<\/p>\n<p>El centro comercial contar\u00e1 con 180 tiendas de marcas locales, nacionales e internacionales, que aportar\u00e1n amplia y variada oferta para suplir las necesidades y los gustos de los cucute\u00f1os.<\/p>\n<p>Dentro de los servicios que se ofrecer\u00e1n destacan el parqueadero gratuito con capacidad para 1800 carros y motos, WiFi gratuito y seguridad privada las 24 horas del d\u00eda.<\/p>\n","protected":false},"excerpt":{"rendered":"<p>C\u00daCUTA.- Luego de 6 a\u00f1os de comenzado el proyecto, este 27 de febrero abre las puertas al p\u00fablico Jard\u00edn Plaza C\u00facuta. La inversi\u00f3n en la obra, que abarca 40.00 metro cuadrados, alcanz\u00f3 los $ 185.000 millones. \u00a0El centro comercial, \u00fanico operado bajo modelo de concesi\u00f3n ofrecer\u00e1 a los cucute\u00f1os la experiencia a cielo abierto y &hellip;<\/p>\n","protected":false},"author":1,"featured_media":33830,"comment_status":"open","ping_status":"open","sticky":false,"template":"","format":"standard","meta":{"footnotes":""},"categories":[541,4,36],"tags":[2530],"class_list":["post-33829","post","type-post","status-publish","format-standard","has-post-thumbnail","hentry","category-ciudad","category-barra","category-la-voz-del-pueblo","tag-centro-comercial-jardin-plaza"],"_links":{"self":[{"href":"https:\/\/contraluzcucuta.co\/index.php?rest_route=\/wp\/v2\/posts\/33829","targetHints":{"allow":["GET"]}}],"collection":[{"href":"https:\/\/contraluzcucuta.co\/index.php?rest_route=\/wp\/v2\/posts"}],"about":[{"href":"https:\/\/contraluzcucuta.co\/index.php?rest_route=\/wp\/v2\/types\/post"}],"author":[{"embeddable":true,"href":"https:\/\/contraluzcucuta.co\/index.php?rest_route=\/wp\/v2\/users\/1"}],"replies":[{"embeddable":true,"href":"https:\/\/contraluzcucuta.co\/index.php?rest_route=%2Fwp%2Fv2%2Fcomments&post=33829"}],"version-history":[{"count":1,"href":"https:\/\/contraluzcucuta.co\/index.php?rest_route=\/wp\/v2\/posts\/33829\/revisions"}],"predecessor-version":[{"id":33831,"href":"https:\/\/contraluzcucuta.co\/index.php?rest_route=\/wp\/v2\/posts\/33829\/revisions\/33831"}],"wp:featuredmedia":[{"embeddable":true,"href":"https:\/\/contraluzcucuta.co\/index.php?rest_route=\/wp\/v2\/media\/33830"}],"wp:attachment":[{"href":"https:\/\/contraluzcucuta.co\/index.php?rest_route=%2Fwp%2Fv2%2Fmedia&parent=33829"}],"wp:term":[{"taxonomy":"category","embeddable":true,"href":"https:\/\/contraluzcucuta.co\/index.php?rest_route=%2Fwp%2Fv2%2Fcategories&post=33829"},{"taxonomy":"post_tag","embeddable":true,"href":"https:\/\/contraluzcucuta.co\/index.php?rest_route=%2Fwp%2Fv2%2Ftags&post=33829"}],"curies":[{"name":"wp","href":"https:\/\/api.w.org\/{rel}","templated":true}]}}