{"id":33825,"date":"2019-02-26T13:12:26","date_gmt":"2019-02-26T18:12:26","guid":{"rendered":"http:\/\/contraluzcucuta.co\/?p=33825"},"modified":"2019-02-26T13:12:26","modified_gmt":"2019-02-26T18:12:26","slug":"cucuta-como-vamos-la-ciudad-va-por-mal-camino","status":"publish","type":"post","link":"https:\/\/contraluzcucuta.co\/?p=33825","title":{"rendered":"C\u00daCUTA, C\u00d3MO VAMOS. La ciudad va por mal camino"},"content":{"rendered":"<p style=\"padding-left: 60px;\"><span style=\"color: #ff6600;\"><strong>C\u00daCUTA.-<\/strong> El 70 por ciento de los cucute\u00f1os cree que la ciudad va por mal \u00a0camino, mientras que el 30 por ciento piensa que avanza por buen camino. As\u00ed lo demuestra la encuesta de percepci\u00f3n ciudadana 2018, C\u00facuta c\u00f3mo vamos. A pesar de las circunstancias, el 48 por ciento de los consultados dijo que se siente orgullo de la ciudad, el 29 por ciento algo orgulloso y el 23 por ciento nada orgulloso.<\/span><\/p>\n<p>El 58 por ciento de los consultados est\u00e1 satisfecho con la ciudad como lugar para vivir; ni satisfecho ni insatisfecho, el 21 %, e insatisfecho, el 21 %. Durante el \u00faltimo a\u00f1o, la situaci\u00f3n econ\u00f3mica mejor\u00f3 para el 29 por ciento de los hogares; sigui\u00f3 igual para el 41 por ciento y empeor\u00f3 para el 30 %.<\/p>\n<p>La situaci\u00f3n econ\u00f3mica en los hogares empeor\u00f3, porque uno o m\u00e1s miembros de la familia perdieron el empleo (55 %); el costo de los servicios p\u00fablicos aument\u00f3 (25 %) y el costo de la alimentaci\u00f3n subi\u00f3 (21 %). Otros indicadores son:<\/p>\n<p>1.- El cierre de los negocios y empresas (19 %)<\/p>\n<p>2.- El costo de la vivienda (10 %)<\/p>\n<p>3.- El costo de la educaci\u00f3n (8 %)<\/p>\n<p>4.- La migraci\u00f3n de venezolanos (7 %)<\/p>\n<p>5.- El costo del vestuario (6 %)<\/p>\n<p>6.- Alg\u00fan negocio quebr\u00f3\/ no va como se esperaba (4 %)<\/p>\n<p>7.- El costo de la salud (4 %)<\/p>\n<p>8.- El costo del transporte (3 %)<\/p>\n<p>9.- Cierre de la frontera (2 %)<\/p>\n<p>Los problemas m\u00e1s graves de seguridad que afrontan los cucute\u00f1os en los barrios son:<\/p>\n<p>1.- Atracos callejeros (65 %)<\/p>\n<p>2.- Drogadicci\u00f3n (40 %)<\/p>\n<p>3.- Asaltos a casas o apartamentos (29 %)<\/p>\n<p>4.- Atracos a tiendas o negocios del barrio (13 %)<\/p>\n<p>5.- Robos de carros o partes (12 %)<\/p>\n<p>6.- No hay problemas graves (11 %)<\/p>\n<p>7.- Tr\u00e1fico de drogas (6 %)<\/p>\n<p>8.- Homicidios (5 %)<\/p>\n<p>9.- Las pandillas (4 %)<\/p>\n<p>Acciones para ayudar a cuidar el ambiente en la ciudad:<\/p>\n<p>1.- Ahorrar agua (82 %)<\/p>\n<p>2.- No arrojar basuras a calles, quebradas o r\u00edos (82 %)<\/p>\n<p>3.- Desconectar los aparatos el\u00e9ctricos o electr\u00f3nicos cuando no est\u00e1n en uso (76 %)<\/p>\n<p>4.- Cuidar las zonas verdes (54 %)<\/p>\n<p>5.- Reciclar (42 %)<\/p>\n<p>6.- Llevar bolsas no pl\u00e1sticas al supermercado (35 %)<\/p>\n<p>7.- Usar con poca frecuencia los aparatos de calefacci\u00f3n o ventilaci\u00f3n (31 %)<\/p>\n<p>8.- Ninguna (1 %)<\/p>\n<p>Temas principales a los que m\u00e1s deber\u00eda prestarle atenci\u00f3n la administraci\u00f3n municipal:<\/p>\n<p>1.- Empleo (68 %)<\/p>\n<p>2.- Salud (61 %)<\/p>\n<p>3.- Educaci\u00f3n (39 %)<\/p>\n<p>4.- Seguridad ciudadana y convivencia (30 %)<\/p>\n<p>5.- Pobreza y vulnerabilidad (17 %)<\/p>\n<p>6.- Vivienda (17 %)<\/p>\n<p>7.- Servicios p\u00fablicos (14 %)<\/p>\n<p>8.- Medio ambiente (10 %)<\/p>\n<p>9.- Movilidad y transporte (9 %)<\/p>\n<p>10.- Igualdad de oportunidades (o equidad) (8 %)<\/p>\n<p>11.- Cultura y comportamiento ciudadano (7 %)<\/p>\n<p>12.- Espacio p\u00fablico (7 %)<\/p>\n<p>13.- Gesti\u00f3n p\u00fablica (eficiencia y transparencia) (5 %)<\/p>\n<p>14.- Recreaci\u00f3n y deporte (5 %)<\/p>\n<p>15.- Cultura\/ expresiones art\u00edsticas (2 %)<\/p>\n<p>16.- Migraci\u00f3n (1 %)<\/p>\n","protected":false},"excerpt":{"rendered":"<p>C\u00daCUTA.- El 70 por ciento de los cucute\u00f1os cree que la ciudad va por mal \u00a0camino, mientras que el 30 por ciento piensa que avanza por buen camino. As\u00ed lo demuestra la encuesta de percepci\u00f3n ciudadana 2018, C\u00facuta c\u00f3mo vamos. A pesar de las circunstancias, el 48 por ciento de los consultados dijo que se &hellip;<\/p>\n","protected":false},"author":1,"featured_media":33827,"comment_status":"open","ping_status":"open","sticky":false,"template":"","format":"standard","meta":{"footnotes":""},"categories":[4,6],"tags":[375,1909],"class_list":["post-33825","post","type-post","status-publish","format-standard","has-post-thumbnail","hentry","category-barra","category-ojo-avizor","tag-camara-de-comercio-de-cucuta","tag-cucuta-como-vamos"],"_links":{"self":[{"href":"https:\/\/contraluzcucuta.co\/index.php?rest_route=\/wp\/v2\/posts\/33825","targetHints":{"allow":["GET"]}}],"collection":[{"href":"https:\/\/contraluzcucuta.co\/index.php?rest_route=\/wp\/v2\/posts"}],"about":[{"href":"https:\/\/contraluzcucuta.co\/index.php?rest_route=\/wp\/v2\/types\/post"}],"author":[{"embeddable":true,"href":"https:\/\/contraluzcucuta.co\/index.php?rest_route=\/wp\/v2\/users\/1"}],"replies":[{"embeddable":true,"href":"https:\/\/contraluzcucuta.co\/index.php?rest_route=%2Fwp%2Fv2%2Fcomments&post=33825"}],"version-history":[{"count":1,"href":"https:\/\/contraluzcucuta.co\/index.php?rest_route=\/wp\/v2\/posts\/33825\/revisions"}],"predecessor-version":[{"id":33828,"href":"https:\/\/contraluzcucuta.co\/index.php?rest_route=\/wp\/v2\/posts\/33825\/revisions\/33828"}],"wp:featuredmedia":[{"embeddable":true,"href":"https:\/\/contraluzcucuta.co\/index.php?rest_route=\/wp\/v2\/media\/33827"}],"wp:attachment":[{"href":"https:\/\/contraluzcucuta.co\/index.php?rest_route=%2Fwp%2Fv2%2Fmedia&parent=33825"}],"wp:term":[{"taxonomy":"category","embeddable":true,"href":"https:\/\/contraluzcucuta.co\/index.php?rest_route=%2Fwp%2Fv2%2Fcategories&post=33825"},{"taxonomy":"post_tag","embeddable":true,"href":"https:\/\/contraluzcucuta.co\/index.php?rest_route=%2Fwp%2Fv2%2Ftags&post=33825"}],"curies":[{"name":"wp","href":"https:\/\/api.w.org\/{rel}","templated":true}]}}