{"id":33816,"date":"2019-02-24T20:11:09","date_gmt":"2019-02-25T01:11:09","guid":{"rendered":"http:\/\/contraluzcucuta.co\/?p=33816"},"modified":"2019-02-24T20:11:09","modified_gmt":"2019-02-25T01:11:09","slug":"crisis-en-venezuela-puente-simon-bolivar-simbolo-de-la-barbarie-duque","status":"publish","type":"post","link":"https:\/\/contraluzcucuta.co\/?p=33816","title":{"rendered":"CRISIS EN VENEZUELA. Puente Sim\u00f3n Bol\u00edvar, \u201cs\u00edmbolo de la barbarie\u201d: Duque"},"content":{"rendered":"<p style=\"padding-left: 60px;\"><span style=\"color: #ff6600;\"><strong>VILLA DEL ROSARIO \u2013 Norte de Santander.-<\/strong> \u201cLo digo de coraz\u00f3n. Le da a uno dolor ver que la barbarie de la dictadura impidi\u00f3 que esta comunidad llevara alimentos y medicamentos a sus familiares que se est\u00e1n muriendo, porque en ese pa\u00eds, no se cuenta con nada (\u2026)\u201d. As\u00ed se expres\u00f3 el presidente Iv\u00e1n Duque al recorrer los puentes fronterizos para revisar el estado de las estructuras y los da\u00f1os que dejaron los intentos de ingreso de las ayudas humanitarias a Venezuela.<\/span><\/p>\n<p>Duque se\u00f1al\u00f3 que el puente Sim\u00f3n Bol\u00edvar, que une a San Antonio del T\u00e1chira con Villa del Rosario, \u201ces el s\u00edmbolo de la barbarie\u201d. Al analizar lo ocurrido en la jornada del s\u00e1bado, el presidente dijo que \u201cla dictadura cerr\u00f3 su derrota moral y diplom\u00e1tica, creo que ante los ojos del mundo\u201d. Anunci\u00f3 que qued\u00f3 claro que el cerco diplom\u00e1tico hay que arreciarlo.<\/p>\n<p>Los venezolanos que est\u00e1n despert\u00e1ndose se unen al clamor del pa\u00eds y del mundo, \u201cver una Venezuela libre y en paz\u201d, coment\u00f3 Iv\u00e1n Duque.<\/p>\n<p>Durante el recorrido por los puentes Sim\u00f3n Bol\u00edvar y Francisco de Paula Santander, el gobernador William Villamizar acompa\u00f1\u00f3 al presidente Duque. Rechaz\u00f3 los hechos violentos ocasionados por los bloqueos de las autoridades venezolanas, lo que desat\u00f3 la quema de dos camiones cargados con alimentos y medicinas y da\u00f1os materiales.<\/p>\n<p>Norte de Santander ha sido punto de transici\u00f3n para llegar al interior de Venezuela con la misi\u00f3n humanitaria para ayudar a millares de familias que la necesitan. La ayuda no ha pasado la frontera debido a las alteraciones de orden p\u00fablico y al impedimento impuesto por Nicol\u00e1s Maduro.<\/p>\n<p>Debido a los enfrentamientos, el presidente Duque tom\u00f3 la decisi\u00f3n de cerrar los pasos fronterizos en Norte de Santander, por 48 horas. En ese tiempo se evaluar\u00e1 lo acontecido y los pasos que se seguir\u00e1n para llevar la ayuda a los venezolanos.<\/p>\n<p>La iniciativa internacional mantendr\u00e1 el apoyo necesario en el centro de acopio, en inmediaciones del puente Tienditas, para la redistribuci\u00f3n de alimentos, medicinas y dem\u00e1s productos de diversos pa\u00edses.<\/p>\n<p>El gobernador Villamizar se\u00f1al\u00f3 que cualquier acci\u00f3n que permita generar apoyo para mitigar el dolor y la angustia de los venezolanos es necesaria. Dijo que esta parte del pa\u00eds tiene una incidencia directa en la migraci\u00f3n, fen\u00f3meno que ha generado un impacto en salud, educaci\u00f3n, desempleo y seguridad.<\/p>\n","protected":false},"excerpt":{"rendered":"<p>VILLA DEL ROSARIO \u2013 Norte de Santander.- \u201cLo digo de coraz\u00f3n. Le da a uno dolor ver que la barbarie de la dictadura impidi\u00f3 que esta comunidad llevara alimentos y medicamentos a sus familiares que se est\u00e1n muriendo, porque en ese pa\u00eds, no se cuenta con nada (\u2026)\u201d. As\u00ed se expres\u00f3 el presidente Iv\u00e1n Duque &hellip;<\/p>\n","protected":false},"author":1,"featured_media":33817,"comment_status":"open","ping_status":"open","sticky":false,"template":"","format":"standard","meta":{"footnotes":""},"categories":[45,4],"tags":[3987,1280,177],"class_list":["post-33816","post","type-post","status-publish","format-standard","has-post-thumbnail","hentry","category-destacado","category-barra","tag-ayuda-humanitaria","tag-crisis-de-venezuela","tag-puente-simon-bolivar"],"_links":{"self":[{"href":"https:\/\/contraluzcucuta.co\/index.php?rest_route=\/wp\/v2\/posts\/33816","targetHints":{"allow":["GET"]}}],"collection":[{"href":"https:\/\/contraluzcucuta.co\/index.php?rest_route=\/wp\/v2\/posts"}],"about":[{"href":"https:\/\/contraluzcucuta.co\/index.php?rest_route=\/wp\/v2\/types\/post"}],"author":[{"embeddable":true,"href":"https:\/\/contraluzcucuta.co\/index.php?rest_route=\/wp\/v2\/users\/1"}],"replies":[{"embeddable":true,"href":"https:\/\/contraluzcucuta.co\/index.php?rest_route=%2Fwp%2Fv2%2Fcomments&post=33816"}],"version-history":[{"count":1,"href":"https:\/\/contraluzcucuta.co\/index.php?rest_route=\/wp\/v2\/posts\/33816\/revisions"}],"predecessor-version":[{"id":33818,"href":"https:\/\/contraluzcucuta.co\/index.php?rest_route=\/wp\/v2\/posts\/33816\/revisions\/33818"}],"wp:featuredmedia":[{"embeddable":true,"href":"https:\/\/contraluzcucuta.co\/index.php?rest_route=\/wp\/v2\/media\/33817"}],"wp:attachment":[{"href":"https:\/\/contraluzcucuta.co\/index.php?rest_route=%2Fwp%2Fv2%2Fmedia&parent=33816"}],"wp:term":[{"taxonomy":"category","embeddable":true,"href":"https:\/\/contraluzcucuta.co\/index.php?rest_route=%2Fwp%2Fv2%2Fcategories&post=33816"},{"taxonomy":"post_tag","embeddable":true,"href":"https:\/\/contraluzcucuta.co\/index.php?rest_route=%2Fwp%2Fv2%2Ftags&post=33816"}],"curies":[{"name":"wp","href":"https:\/\/api.w.org\/{rel}","templated":true}]}}