{"id":33806,"date":"2019-02-20T22:09:53","date_gmt":"2019-02-21T03:09:53","guid":{"rendered":"http:\/\/contraluzcucuta.co\/?p=33806"},"modified":"2019-02-20T22:09:53","modified_gmt":"2019-02-21T03:09:53","slug":"dimayor-553-futbolistas-registrados-como-profesionales-en-colombia","status":"publish","type":"post","link":"https:\/\/contraluzcucuta.co\/?p=33806","title":{"rendered":"DIMAYOR. 553 futbolistas registrados como profesionales, en Colombia"},"content":{"rendered":"<p style=\"padding-left: 60px;\"><span style=\"color: #ff6600;\">Mil ciento noventa y seis jugadores fueron inscritos por los 36 equipos que hacen parte del f\u00fatbol profesional colombiano y que disputan la Liga y el Torneo de Ascenso. La Divisi\u00f3n Mayor del F\u00fatbol Colombiano (Dimayor) inform\u00f3 que el proceso de inscripciones 2019, en la fase regular para los clubes, se cumpli\u00f3 de manera satisfactoria y con gran responsabilidad.<\/span><\/p>\n<p>En la Primera A quedaron inscritos 643 jugadores, de los cuales 68 son extranjeros y 90 corresponden al campeonato S\u00faper Copa Juvenil 2019. Este campeonato ayuda a la promoci\u00f3n de nuevos talentos en el balompi\u00e9 nacional, teniendo en cuenta que los futbolistas son menores de 20 a\u00f1os.<\/p>\n<p>En el plano de los for\u00e1neos que conforman los listados, los pa\u00edses de m\u00e1s aporte son:<\/p>\n<p>1.- Argentina: 18<\/p>\n<p>2.- Uruguay: 11<\/p>\n<p>3.- Paraguay: 10<\/p>\n<p>4.- Venezuela: 5<\/p>\n<p>5.- Brasil: 3<\/p>\n<p>6.- M\u00e9xico: 2<\/p>\n<p>7.- Costa Rica, Chile, Italia, Panam\u00e1, Inglaterra, Guatemala y Estados Unidos: 1.<\/p>\n<p>En total, 553 futbolistas aparecen registrados como profesionales.<\/p>\n<p>En el Torneo 2019, el periodo comprendido fue del 17 de diciembre 2018 al 15 de febrero 2019, en el que quedaron oficializados 504 jugadores. De esos atletas, 102 corresponden al campeonato S\u00faper Copa Juvenil 2019. Once argentinos, uruguayos, venezolanos y paname\u00f1os sellaron el pasaporte para competir en los estadios del territorio nacional. En la Primera B, 402 futbolistas est\u00e1n en condici\u00f3n de profesionales.<\/p>\n<p>El periodo de inscripciones extempor\u00e1neas ser\u00e1, para la Liga y el Torneo, entre el 18 y el 22 de marzo.<\/p>\n<p>C\u00daCUTA DEPORTIVO<\/p>\n<p>La siguiente es la lista de jugadores inscritos por el C\u00facuta Deportivo, l\u00edder de la Liga:<\/p>\n<p>JHONATHAN ALEXANDER AGUDELO VEL\u00c1SQUEZ, Delantero<\/p>\n<p>LISANDRO AGUST\u00cdN CABRERA, Delantero<\/p>\n<p>HARRISON CANCHIMBO CARABAL\u00cd, Centro campista<\/p>\n<p>DARWIN JOHAN CARRERO ORTEGA, Defensa<\/p>\n<p>DUVAN ABAD CARRILLO ESTEBAN, Arquero<\/p>\n<p>ROBERT JOHAN CARVAJAL D\u00cdAZ, Defensa<\/p>\n<p>JAMES ENRIQUE CASTRO MAESTRE, Centro campista<\/p>\n<p>JUAN CAMILO CHAVERRA MART\u00cdNEZ, Arquero<\/p>\n<p>DIEGO FERNANDO CHICA L\u00d3PEZ, Centro campista<\/p>\n<p>JULIAN ALEXIS CORZO CADENA, Defensa<\/p>\n<p>WILBERTO COSME MOSQUERA, Delantero<\/p>\n<p>JHONNY ALEXANDER DA SILVA SOSA, Arquero<\/p>\n<p>EDISON MAURICIO DUARTE BARAJAS, Defensa<\/p>\n<p>BRAYNNER YEZID GARCIA LEAL, Defensa<\/p>\n<p>WILDER ANDR\u00c9S GUISAO CORREA, Centro campista<\/p>\n<p>JOHN EDISSON HERN\u00c1NDEZ MONTOYA, Centro campista<\/p>\n<p>JAVIER L\u00d3PEZ RODR\u00cdGUEZ, Defensa<\/p>\n<p>MICHAEL L\u00d3PEZ MART\u00cdNEZ, Delantero<\/p>\n<p>HARRINSON MANCILLA MULATO, Centro campista<\/p>\n<p>JUAN PABLO MAR\u00cdN CRISTANCHO, Centro campista<\/p>\n<p>LUIS FERNANDO MIRANDA MOLINARES, Centro campista<\/p>\n<p>ERICK FRANCISCO MONTA\u00d1O RODR\u00cdGUEZ, Centro campista<\/p>\n<p>CARLOS ANDR\u00c9S MOSQUERA PEREA, Centro campista.<\/p>\n","protected":false},"excerpt":{"rendered":"<p>Mil ciento noventa y seis jugadores fueron inscritos por los 36 equipos que hacen parte del f\u00fatbol profesional colombiano y que disputan la Liga y el Torneo de Ascenso. La Divisi\u00f3n Mayor del F\u00fatbol Colombiano (Dimayor) inform\u00f3 que el proceso de inscripciones 2019, en la fase regular para los clubes, se cumpli\u00f3 de manera satisfactoria &hellip;<\/p>\n","protected":false},"author":1,"featured_media":33807,"comment_status":"open","ping_status":"open","sticky":false,"template":"","format":"standard","meta":{"footnotes":""},"categories":[4,28],"tags":[4378,1396],"class_list":["post-33806","post","type-post","status-publish","format-standard","has-post-thumbnail","hentry","category-barra","category-vistazo-deportivo","tag-cucuta-deportivo-2019","tag-dimayor"],"_links":{"self":[{"href":"https:\/\/contraluzcucuta.co\/index.php?rest_route=\/wp\/v2\/posts\/33806","targetHints":{"allow":["GET"]}}],"collection":[{"href":"https:\/\/contraluzcucuta.co\/index.php?rest_route=\/wp\/v2\/posts"}],"about":[{"href":"https:\/\/contraluzcucuta.co\/index.php?rest_route=\/wp\/v2\/types\/post"}],"author":[{"embeddable":true,"href":"https:\/\/contraluzcucuta.co\/index.php?rest_route=\/wp\/v2\/users\/1"}],"replies":[{"embeddable":true,"href":"https:\/\/contraluzcucuta.co\/index.php?rest_route=%2Fwp%2Fv2%2Fcomments&post=33806"}],"version-history":[{"count":1,"href":"https:\/\/contraluzcucuta.co\/index.php?rest_route=\/wp\/v2\/posts\/33806\/revisions"}],"predecessor-version":[{"id":33808,"href":"https:\/\/contraluzcucuta.co\/index.php?rest_route=\/wp\/v2\/posts\/33806\/revisions\/33808"}],"wp:featuredmedia":[{"embeddable":true,"href":"https:\/\/contraluzcucuta.co\/index.php?rest_route=\/wp\/v2\/media\/33807"}],"wp:attachment":[{"href":"https:\/\/contraluzcucuta.co\/index.php?rest_route=%2Fwp%2Fv2%2Fmedia&parent=33806"}],"wp:term":[{"taxonomy":"category","embeddable":true,"href":"https:\/\/contraluzcucuta.co\/index.php?rest_route=%2Fwp%2Fv2%2Fcategories&post=33806"},{"taxonomy":"post_tag","embeddable":true,"href":"https:\/\/contraluzcucuta.co\/index.php?rest_route=%2Fwp%2Fv2%2Ftags&post=33806"}],"curies":[{"name":"wp","href":"https:\/\/api.w.org\/{rel}","templated":true}]}}