{"id":33787,"date":"2019-02-18T22:06:52","date_gmt":"2019-02-19T03:06:52","guid":{"rendered":"http:\/\/contraluzcucuta.co\/?p=33787"},"modified":"2019-02-18T22:06:52","modified_gmt":"2019-02-19T03:06:52","slug":"los-mejores-deportistas-jossimar-calvo-y-maria-camila-osorio-acord-de-oro-2018","status":"publish","type":"post","link":"https:\/\/contraluzcucuta.co\/?p=33787","title":{"rendered":"LOS MEJORES DEPORTISTAS. Jossimar Calvo y Mar\u00eda Camila Osorio,\u00a0 Acord de Oro 2018"},"content":{"rendered":"<p style=\"padding-left: 60px;\"><span style=\"color: #ff6600;\"><strong>C\u00daCUTA.-<\/strong> La Asociaci\u00f3n Colombiana de Periodistas Deportivos, seccional Norte de Santander, reconoci\u00f3 el trabajo y los logros de los deportistas del departamento. Jossimar Calvo y Mar\u00eda Camila Osorio obtuvieron el Acord de Oro 2018. En la noche de gala visitaron la ciudad el presidente de Acord Colombia, Fayver Hoyos, y el vicepresidente de AIPS Am\u00e9rica, Carlos Julio Castellanos.<\/span><\/p>\n<p>Calvo y Osorio cargaron con los galardones dorados por la excelente representaci\u00f3n en los \u00e1mbitos local, nacional e internacional y por dejar en alto el nombre de la ciudad y del departamento.<\/p>\n<p>Los otros deportistas destacados son:<\/p>\n<p>1.- Deportista paral\u00edmpico. Jhon Hern\u00e1ndez, baloncesto en Silla de Ruedas.<\/p>\n<p>2.- Deportista revelaci\u00f3n. Maryuri Ure\u00f1a (yudo) y Ronald Vargas (clavados)<\/p>\n<p>3.- El Futuro es Hoy. Keiner Costa (patinaje) y Keisha \u00c1lvarez (nataci\u00f3n art\u00edstica)<\/p>\n<p>4.- El entrenador del a\u00f1o. Lucas Pusineri, por su actuaci\u00f3n con el C\u00facuta Deportivo.<\/p>\n<p>5.- Juego limpio. Liga Nortesantandereana de Rugby<\/p>\n<p>6.- El equipo del a\u00f1o. C\u00facuta Deportivo<\/p>\n<p>7.- La mejor Liga. Ajedrez<\/p>\n<p>8.- Vida y obra de un deportista. Rolando Serrano, exfutblista<\/p>\n<p>9.- Vida y obra de un periodista. Anastasio Ram\u00edrez.<\/p>\n","protected":false},"excerpt":{"rendered":"<p>C\u00daCUTA.- La Asociaci\u00f3n Colombiana de Periodistas Deportivos, seccional Norte de Santander, reconoci\u00f3 el trabajo y los logros de los deportistas del departamento. Jossimar Calvo y Mar\u00eda Camila Osorio obtuvieron el Acord de Oro 2018. En la noche de gala visitaron la ciudad el presidente de Acord Colombia, Fayver Hoyos, y el vicepresidente de AIPS Am\u00e9rica, &hellip;<\/p>\n","protected":false},"author":1,"featured_media":33788,"comment_status":"open","ping_status":"open","sticky":false,"template":"","format":"standard","meta":{"footnotes":""},"categories":[28],"tags":[1066,4456],"class_list":["post-33787","post","type-post","status-publish","format-standard","has-post-thumbnail","hentry","category-vistazo-deportivo","tag-deportista-del-ano","tag-premios-acord-2018"],"_links":{"self":[{"href":"https:\/\/contraluzcucuta.co\/index.php?rest_route=\/wp\/v2\/posts\/33787","targetHints":{"allow":["GET"]}}],"collection":[{"href":"https:\/\/contraluzcucuta.co\/index.php?rest_route=\/wp\/v2\/posts"}],"about":[{"href":"https:\/\/contraluzcucuta.co\/index.php?rest_route=\/wp\/v2\/types\/post"}],"author":[{"embeddable":true,"href":"https:\/\/contraluzcucuta.co\/index.php?rest_route=\/wp\/v2\/users\/1"}],"replies":[{"embeddable":true,"href":"https:\/\/contraluzcucuta.co\/index.php?rest_route=%2Fwp%2Fv2%2Fcomments&post=33787"}],"version-history":[{"count":1,"href":"https:\/\/contraluzcucuta.co\/index.php?rest_route=\/wp\/v2\/posts\/33787\/revisions"}],"predecessor-version":[{"id":33789,"href":"https:\/\/contraluzcucuta.co\/index.php?rest_route=\/wp\/v2\/posts\/33787\/revisions\/33789"}],"wp:featuredmedia":[{"embeddable":true,"href":"https:\/\/contraluzcucuta.co\/index.php?rest_route=\/wp\/v2\/media\/33788"}],"wp:attachment":[{"href":"https:\/\/contraluzcucuta.co\/index.php?rest_route=%2Fwp%2Fv2%2Fmedia&parent=33787"}],"wp:term":[{"taxonomy":"category","embeddable":true,"href":"https:\/\/contraluzcucuta.co\/index.php?rest_route=%2Fwp%2Fv2%2Fcategories&post=33787"},{"taxonomy":"post_tag","embeddable":true,"href":"https:\/\/contraluzcucuta.co\/index.php?rest_route=%2Fwp%2Fv2%2Ftags&post=33787"}],"curies":[{"name":"wp","href":"https:\/\/api.w.org\/{rel}","templated":true}]}}