{"id":33781,"date":"2019-02-18T20:54:15","date_gmt":"2019-02-19T01:54:15","guid":{"rendered":"http:\/\/contraluzcucuta.co\/?p=33781"},"modified":"2019-02-18T20:54:15","modified_gmt":"2019-02-19T01:54:15","slug":"notas-al-margen-propendiendo-por-la-union-y-la-labor-en-equipo","status":"publish","type":"post","link":"https:\/\/contraluzcucuta.co\/?p=33781","title":{"rendered":"NOTAS\u00a0 AL\u00a0 MARGEN. Propendiendo por la uni\u00f3n y la labor en equipo"},"content":{"rendered":"<p style=\"padding-left: 60px;\"><span style=\"color: #ff6600;\">1.- Con sorpresa y\u00a0 no poca preocupaci\u00f3n he captado que entre nosotros no surgen iniciativas, ni acciones de conjunto, sobre lo que requiere la regi\u00f3n, mientras prospera la inseguridad, avanza la desocupaci\u00f3n y una irrupci\u00f3n delincuencial con horrendos resultados acapara los titulares de los medios escritos, radiales y televisivos, sin que surja una convocatoria de las autoridades, asociaciones y gremios, con el fin de plantear al Gobierno, al Congreso y a la poblaci\u00f3n una actitud de trasformaci\u00f3n y cambio, que comprometa planes y programas que vayan hasta el meollo de la situaci\u00f3n y permitan un giro hacia el progreso y el desarrollo, mediante incentivos, est\u00edmulos, mecanismos y pol\u00edticas inspiradas por la ubicaci\u00f3n geoestrat\u00e9gica que posemos, la ventajas comparativas que no utilizamos y la necesidad de crear fuentes de empleo, mediante la innovaci\u00f3n, la modernizaci\u00f3n de gestiones y las nuevas tecnolog\u00edas y sistemas operativos.<\/span><\/p>\n<p>Adem\u00e1s, pudiendo ofrecer y brindar a los empresarios de Venezuela y de otros lugares del mundo la oportunidad\u00a0 de conjugar empe\u00f1os, mediante Parques Industriales, Parques Tecnol\u00f3gicos, Zonas Francas, Maquiladoras, etc\u00e9tera, opciones y perspectivas de alcance nacional e internacional. Contando, igualmente, con Acuerdos y Entendimientos con universidades y centros de estudio y valoraci\u00f3n, para la preparaci\u00f3n y la capacitaci\u00f3n de lo que sea necesario e inaplazable.<\/p>\n<p>2.- Nos atrevemos a formular estas apreciaciones, porque pareciera flotar un ambiente de incertidumbre y desinter\u00e9s ante la magnitud de los problemas en Venezuela y la polarizaci\u00f3n sobre el desenlace de los hechos que dominan el panorama y la realidad de nuestro hermano pa\u00eds, cuando lo que debiera constituir positivo es todo lo que promueva y permita ayudar a salir de las limitantes que hoy complican el desenvolvimiento de millones de venezolanos.<\/p>\n<p>La Zona Fronteriza Colombo-Venezolana bien puede transformarse en sede y motor del desarrollo de importantes empe\u00f1os y prospectos integracionistas y de amplia perspectiva si se hace un giro y un acomodamiento cierto\u00a0 y constructivo sobre lo que hay por proyectar en industrializaci\u00f3n y an\u00e1lisis de\u00a0 mercados en muchas \u00e1reas y especialidades.<\/p>\n<p>3.- En lugar de perder el tiempo formulando conceptos y apreciaciones sobre la politizada mara\u00f1a de lo que acontece y que deben definir los venezolanos, lo valedero y trascendente radica en respetar ese fuero interno que les corresponde cumplir y ojal\u00e1 lo m\u00e1s inmediatamente posible, para que surja la paz y se retorne a la libre determinaci\u00f3n en un ambiente de coordinaci\u00f3n y de progreso. Hay tanto por hacer, que bien vale propender por la uni\u00f3n y la labor en equipo.<\/p>\n<p><strong>JOSE NEIRA REY <\/strong><\/p>\n","protected":false},"excerpt":{"rendered":"<p>1.- Con sorpresa y\u00a0 no poca preocupaci\u00f3n he captado que entre nosotros no surgen iniciativas, ni acciones de conjunto, sobre lo que requiere la regi\u00f3n, mientras prospera la inseguridad, avanza la desocupaci\u00f3n y una irrupci\u00f3n delincuencial con horrendos resultados acapara los titulares de los medios escritos, radiales y televisivos, sin que surja una convocatoria de &hellip;<\/p>\n","protected":false},"author":1,"featured_media":33782,"comment_status":"open","ping_status":"open","sticky":false,"template":"","format":"standard","meta":{"footnotes":""},"categories":[14],"tags":[382,956],"class_list":["post-33781","post","type-post","status-publish","format-standard","has-post-thumbnail","hentry","category-articulistas","tag-jose-neira","tag-notas-al-margen"],"_links":{"self":[{"href":"https:\/\/contraluzcucuta.co\/index.php?rest_route=\/wp\/v2\/posts\/33781","targetHints":{"allow":["GET"]}}],"collection":[{"href":"https:\/\/contraluzcucuta.co\/index.php?rest_route=\/wp\/v2\/posts"}],"about":[{"href":"https:\/\/contraluzcucuta.co\/index.php?rest_route=\/wp\/v2\/types\/post"}],"author":[{"embeddable":true,"href":"https:\/\/contraluzcucuta.co\/index.php?rest_route=\/wp\/v2\/users\/1"}],"replies":[{"embeddable":true,"href":"https:\/\/contraluzcucuta.co\/index.php?rest_route=%2Fwp%2Fv2%2Fcomments&post=33781"}],"version-history":[{"count":1,"href":"https:\/\/contraluzcucuta.co\/index.php?rest_route=\/wp\/v2\/posts\/33781\/revisions"}],"predecessor-version":[{"id":33783,"href":"https:\/\/contraluzcucuta.co\/index.php?rest_route=\/wp\/v2\/posts\/33781\/revisions\/33783"}],"wp:featuredmedia":[{"embeddable":true,"href":"https:\/\/contraluzcucuta.co\/index.php?rest_route=\/wp\/v2\/media\/33782"}],"wp:attachment":[{"href":"https:\/\/contraluzcucuta.co\/index.php?rest_route=%2Fwp%2Fv2%2Fmedia&parent=33781"}],"wp:term":[{"taxonomy":"category","embeddable":true,"href":"https:\/\/contraluzcucuta.co\/index.php?rest_route=%2Fwp%2Fv2%2Fcategories&post=33781"},{"taxonomy":"post_tag","embeddable":true,"href":"https:\/\/contraluzcucuta.co\/index.php?rest_route=%2Fwp%2Fv2%2Ftags&post=33781"}],"curies":[{"name":"wp","href":"https:\/\/api.w.org\/{rel}","templated":true}]}}