{"id":33766,"date":"2019-02-13T22:20:47","date_gmt":"2019-02-14T03:20:47","guid":{"rendered":"http:\/\/contraluzcucuta.co\/?p=33766"},"modified":"2019-02-13T22:20:47","modified_gmt":"2019-02-14T03:20:47","slug":"el-catatumbo-entre-la-guerra-y-el-desarrollo-social","status":"publish","type":"post","link":"https:\/\/contraluzcucuta.co\/?p=33766","title":{"rendered":"EL CATATUMBO. Entre la guerra y el desarrollo social"},"content":{"rendered":"<p style=\"padding-left: 60px;\"><span style=\"color: #ff6600;\"><strong>C\u00daCUTA.-<\/strong> En desarrollo de la celebraci\u00f3n del D\u00eda del Periodista, el 9 de febrero, el C\u00edrculo de Periodistas y Comunicadores de Norte de Santander (CPC) organiz\u00f3 el foro \u2018Una mirada a El Catatumbo\u2019. Los panelistas, desde su experiencia y\u00a0 perspectiva, analizaron los factores que hacen de la zona una de las regiones convulsionadas del pa\u00eds.<\/span><\/p>\n<p>El evento hizo parte de las actividades programadas por\u00a0 el\u00a0 CPC\u00a0 para recordar el otrora\u00a0 D\u00eda del Periodista y llamar la atenci\u00f3n sobre lo que pasa en esta franja nortesantandereana.\u00a0 El foro\u00a0 se cumpli\u00f3 en la biblioteca p\u00fablica Julio P\u00e9rez Ferrero.<\/p>\n<p>En representaci\u00f3n del gobierno departamental estuvo el secretario de V\u00edctimas, Luis Fernando Ni\u00f1o, quien form\u00f3 parte de la Mesa de Negociaci\u00f3n Gobierno-Farc. \u201cEl Gobierno acaba de anunciar importantes inversiones en vivienda e infraestructura vial, especialmente para el sector rural, contempladas en el Plan Nacional de Desarrollo. Sin embargo, la violencia de los grupos que conviven en este amplio territorio sigue muy marcada. No podemos decir que los enfrentamientos han cesado o\u00a0 que est\u00e1n solo \u2018en el monte\u2019, porque est\u00e1n m\u00e1s cerca de lo que pensamos\u201d, asegur\u00f3.<\/p>\n<p>En la\u00a0 mesa principal tambi\u00e9n estuvieron C\u00e9sar Fern\u00e1ndez, ejecutivo de Fedepalma;\u00a0 Juan Carlos Quintero, tesorero de Ascamcat, y Luis Alejandro Cort\u00e9s, presidente del CPC.<\/p>\n<p><strong>Sector productivo<\/strong><\/p>\n<p>Los panelistas coincidieron en que son grandes las riquezas que posee El Catatumbo: petr\u00f3leo, carb\u00f3n y excelentes tierras para la producci\u00f3n agropecuaria.<\/p>\n<p>C\u00e9sar Fern\u00e1ndez explic\u00f3 que desde que comenz\u00f3, hace varios a\u00f1os, el cultivo de la palma de aceite en Tib\u00fa, se han\u00a0 generado cerca de 7000 empleos, 3000 directos y 4000 indirectos. Uno de los desarrollos recientes que tiene esta apuesta productiva fue la inauguraci\u00f3n de la planta extractora, por parte del presidente Iv\u00e1n Duque.<\/p>\n<p>Fern\u00e1ndez asegur\u00f3 que a futuro la frontera agr\u00edcola del cultivo se ampliar\u00e1 y representa una garant\u00eda para los productores, porque existe un mercado seguro que aumenta la demanda. Producir palma de aceite es tener un seguro contra p\u00e9rdidas, que es uno de los factores que m\u00e1s afecta al campesinado: el cambio clim\u00e1tico.<\/p>\n<p><strong>Volvieron los asesinatos<\/strong><\/p>\n<p>Juan Carlos Quintero, representante de los campesinos, record\u00f3 que dos a\u00f1os despu\u00e9s de firmada la paz, en la que estaban esperanzados los habitantes de El Catatumbo para vivir en paz, han vuelto los asesinatos de l\u00edderes y las masacres.<\/p>\n<p>\u201cHan matado a cinco l\u00edderes y en 2018 en el coraz\u00f3n de El Catatumbo, en El Tarra, se vivi\u00f3 otra masacre en la que murieron 10 personas\u201d, manifest\u00f3.<\/p>\n<p>Ascamcat y otros gremios de la zona no est\u00e1n de acuerdo con las fumigaciones a\u00e9reas por los nocivos efectos en la salud humana, el ambiente y las tierras que se vuelven improductivas.\u00a0 Quintero se\u00f1al\u00f3 que se deber\u00eda mirar la experiencia en otras regiones del mundo, donde la hoja de coca se ha industrializado con fines medicinales, generando empleo y riqueza al campesinado.<\/p>\n<p><strong>No todos son \u2018coqueros\u2019<\/strong><\/p>\n<p>Ciro Ram\u00edrez, presidente del Comit\u00e9 Intergremial de Norte de Santander, defendi\u00f3 al campesinado de El Catatumbo y pidi\u00f3 que no se estigmatice como \u2018coqueros\u2019.<\/p>\n<p>\u201cEn esa rica regi\u00f3n hay gente valiosa, campesinos que toda la vida han cultivado alimentos para ellos, el departamento y el pa\u00eds. Esa es la poblaci\u00f3n v\u00edctima del conflicto entre los grupos que se disputan el territorio. Hace 40 a\u00f1os conozco El Catatumbo y puedo afirmar que son m\u00e1s los buenos y trabajadores que los que est\u00e1n en la ilegalidad\u201d, asegur\u00f3.<\/p>\n<p>Entre las conclusiones del foro destacan:<\/p>\n<p>1.- Los Acuerdos de La Habana no cambiaron el panorama en El Catatumbo<\/p>\n<p>2.-La guerra no solo est\u00e1 en el campo, sino tambi\u00e9n en las ciudades, \u201cdonde menos se espera\u201d, afirm\u00f3 Luis Fernando Ni\u00f1o.<\/p>\n<p>3.- Los habitantes de El Catatumbo siguen a la espera de la inversi\u00f3n estatal, el arreglo de las v\u00edas y la Universidad del Catatumbo.<\/p>\n<p>&nbsp;<\/p>\n","protected":false},"excerpt":{"rendered":"<p>C\u00daCUTA.- En desarrollo de la celebraci\u00f3n del D\u00eda del Periodista, el 9 de febrero, el C\u00edrculo de Periodistas y Comunicadores de Norte de Santander (CPC) organiz\u00f3 el foro \u2018Una mirada a El Catatumbo\u2019. Los panelistas, desde su experiencia y\u00a0 perspectiva, analizaron los factores que hacen de la zona una de las regiones convulsionadas del pa\u00eds. &hellip;<\/p>\n","protected":false},"author":1,"featured_media":33767,"comment_status":"open","ping_status":"open","sticky":false,"template":"","format":"standard","meta":{"footnotes":""},"categories":[45,4],"tags":[4451,572,246],"class_list":["post-33766","post","type-post","status-publish","format-standard","has-post-thumbnail","hentry","category-destacado","category-barra","tag-cpc","tag-dia-del-periodista","tag-el-catatumbo"],"_links":{"self":[{"href":"https:\/\/contraluzcucuta.co\/index.php?rest_route=\/wp\/v2\/posts\/33766","targetHints":{"allow":["GET"]}}],"collection":[{"href":"https:\/\/contraluzcucuta.co\/index.php?rest_route=\/wp\/v2\/posts"}],"about":[{"href":"https:\/\/contraluzcucuta.co\/index.php?rest_route=\/wp\/v2\/types\/post"}],"author":[{"embeddable":true,"href":"https:\/\/contraluzcucuta.co\/index.php?rest_route=\/wp\/v2\/users\/1"}],"replies":[{"embeddable":true,"href":"https:\/\/contraluzcucuta.co\/index.php?rest_route=%2Fwp%2Fv2%2Fcomments&post=33766"}],"version-history":[{"count":1,"href":"https:\/\/contraluzcucuta.co\/index.php?rest_route=\/wp\/v2\/posts\/33766\/revisions"}],"predecessor-version":[{"id":33768,"href":"https:\/\/contraluzcucuta.co\/index.php?rest_route=\/wp\/v2\/posts\/33766\/revisions\/33768"}],"wp:featuredmedia":[{"embeddable":true,"href":"https:\/\/contraluzcucuta.co\/index.php?rest_route=\/wp\/v2\/media\/33767"}],"wp:attachment":[{"href":"https:\/\/contraluzcucuta.co\/index.php?rest_route=%2Fwp%2Fv2%2Fmedia&parent=33766"}],"wp:term":[{"taxonomy":"category","embeddable":true,"href":"https:\/\/contraluzcucuta.co\/index.php?rest_route=%2Fwp%2Fv2%2Fcategories&post=33766"},{"taxonomy":"post_tag","embeddable":true,"href":"https:\/\/contraluzcucuta.co\/index.php?rest_route=%2Fwp%2Fv2%2Ftags&post=33766"}],"curies":[{"name":"wp","href":"https:\/\/api.w.org\/{rel}","templated":true}]}}