{"id":33760,"date":"2019-02-13T21:21:36","date_gmt":"2019-02-14T02:21:36","guid":{"rendered":"http:\/\/contraluzcucuta.co\/?p=33760"},"modified":"2019-02-13T21:21:36","modified_gmt":"2019-02-14T02:21:36","slug":"marcha-estudiantil-no-al-reclutamiento-forzado","status":"publish","type":"post","link":"https:\/\/contraluzcucuta.co\/?p=33760","title":{"rendered":"MARCHA ESTUDIANTIL. \u2018No, al reclutamiento forzado\u2019\u00a0"},"content":{"rendered":"<p style=\"padding-left: 60px;\"><span style=\"color: #ff6600;\"><strong>C\u00daCUTA.-\u00a0<\/strong>M\u00e1s de 2000 estudiantes de la capital nortesantandereana le dijeron \u2018No, al reclutamiento forzado\u2019 durante la marcha organizada por la Agencia de Reincorporaci\u00f3n y Normalizaci\u00f3n (ARN). Lo j\u00f3venes caminaron por la calle 11 para pedirles a los grupos armados ilegales que cesen con este delito, que persiste en el pa\u00eds y que tiene nuevos victimarios.<\/span><\/p>\n<p>La actividad cont\u00f3 con la presencia de la primera dama Cecilia Soler; el director de la ANR, Andr\u00e9s Felipe Stapper; el secretario de Gobierno, Edgar Pallares, y otras autoridades regionales.<\/p>\n<p>Soler dijo que el delito acaba con las ilusiones de cualquier persona e impide que los menores de edad culminen el proyecto de vida alejados del conflicto armado.<\/p>\n<p>\u201cSabemos de casos en los que ni\u00f1os y adolescentes son sacados del seno del hogar para ejercer como sicarios, extorsionistas, expendedores de drogas y trabajadores en los cultivos il\u00edcitos\u201d.<\/p>\n<p>La Gobernaci\u00f3n de Norte de Santander ha emprendido el programa \u2018Prevenir Primero\u2019, mediante el cual se han creado 35 escuelas de formaci\u00f3n deportiva alrededor del rugby. M\u00e1s all\u00e1 de aprender a jugar, se fortalecen los aspectos individuales de los ni\u00f1os con talleres, impulso del proyecto de vida, desarrollo social y acad\u00e9mico.<\/p>\n<p>&nbsp;<\/p>\n","protected":false},"excerpt":{"rendered":"<p>C\u00daCUTA.-\u00a0M\u00e1s de 2000 estudiantes de la capital nortesantandereana le dijeron \u2018No, al reclutamiento forzado\u2019 durante la marcha organizada por la Agencia de Reincorporaci\u00f3n y Normalizaci\u00f3n (ARN). Lo j\u00f3venes caminaron por la calle 11 para pedirles a los grupos armados ilegales que cesen con este delito, que persiste en el pa\u00eds y que tiene nuevos victimarios. &hellip;<\/p>\n","protected":false},"author":1,"featured_media":33761,"comment_status":"open","ping_status":"open","sticky":false,"template":"","format":"standard","meta":{"footnotes":""},"categories":[36],"tags":[2715,4449],"class_list":["post-33760","post","type-post","status-publish","format-standard","has-post-thumbnail","hentry","category-la-voz-del-pueblo","tag-gestora-social-cecilia-soler","tag-no-al-reclutamiento"],"_links":{"self":[{"href":"https:\/\/contraluzcucuta.co\/index.php?rest_route=\/wp\/v2\/posts\/33760","targetHints":{"allow":["GET"]}}],"collection":[{"href":"https:\/\/contraluzcucuta.co\/index.php?rest_route=\/wp\/v2\/posts"}],"about":[{"href":"https:\/\/contraluzcucuta.co\/index.php?rest_route=\/wp\/v2\/types\/post"}],"author":[{"embeddable":true,"href":"https:\/\/contraluzcucuta.co\/index.php?rest_route=\/wp\/v2\/users\/1"}],"replies":[{"embeddable":true,"href":"https:\/\/contraluzcucuta.co\/index.php?rest_route=%2Fwp%2Fv2%2Fcomments&post=33760"}],"version-history":[{"count":1,"href":"https:\/\/contraluzcucuta.co\/index.php?rest_route=\/wp\/v2\/posts\/33760\/revisions"}],"predecessor-version":[{"id":33762,"href":"https:\/\/contraluzcucuta.co\/index.php?rest_route=\/wp\/v2\/posts\/33760\/revisions\/33762"}],"wp:featuredmedia":[{"embeddable":true,"href":"https:\/\/contraluzcucuta.co\/index.php?rest_route=\/wp\/v2\/media\/33761"}],"wp:attachment":[{"href":"https:\/\/contraluzcucuta.co\/index.php?rest_route=%2Fwp%2Fv2%2Fmedia&parent=33760"}],"wp:term":[{"taxonomy":"category","embeddable":true,"href":"https:\/\/contraluzcucuta.co\/index.php?rest_route=%2Fwp%2Fv2%2Fcategories&post=33760"},{"taxonomy":"post_tag","embeddable":true,"href":"https:\/\/contraluzcucuta.co\/index.php?rest_route=%2Fwp%2Fv2%2Ftags&post=33760"}],"curies":[{"name":"wp","href":"https:\/\/api.w.org\/{rel}","templated":true}]}}