{"id":33751,"date":"2019-02-13T20:31:44","date_gmt":"2019-02-14T01:31:44","guid":{"rendered":"http:\/\/contraluzcucuta.co\/?p=33751"},"modified":"2019-02-13T20:31:44","modified_gmt":"2019-02-14T01:31:44","slug":"conmemoracion-la-radio-inmediatez-actualidad-y-cercania","status":"publish","type":"post","link":"https:\/\/contraluzcucuta.co\/?p=33751","title":{"rendered":"CONMEMORACI\u00d3N. La radio: inmediatez, actualidad y cercan\u00eda"},"content":{"rendered":"<p style=\"padding-left: 60px;\"><span style=\"color: #ff6600;\">Desde finales del siglo XIX, el mundo ha tenido en su entorno la radio como medio de comunicaci\u00f3n que lo acerca a los hechos de manera inmediata. Durante las guerras mundiales y a lo largo de la historia, la radio permiti\u00f3 recibir y mandar mensajes de aliento a las regiones apartadas.<\/span><\/p>\n<p>Para conmemorar la importancia de este medio en la vida de quienes trabajan y quienes lo escuchan a diario, desde el 2008 se solicit\u00f3 la instauraci\u00f3n de la fecha homenaje a la radio, al por entonces general de la Organizaci\u00f3n de las Naciones Unidas para la Educaci\u00f3n, la Ciencia y la Cultura (Unesco), Koichiro Matsuura.<\/p>\n<p>En la reuni\u00f3n 36 de la organizaci\u00f3n, se proclam\u00f3 el 13 de febrero como D\u00eda Mundial de la Radio, misma fecha en la que en 1946 se estableci\u00f3 la Radio de las Naciones Unidas, servicio de noticias que informa sobre lo que ocurre en la sede de la ONU y las agencias de la entidad en el mundo.<\/p>\n<p>Este D\u00eda se estableci\u00f3 con tres objetivos esenciales:<\/p>\n<p>1.- Generar conciencia en la gente y medios sobre la importancia de la radio<\/p>\n<p>2.- Promover a la creaci\u00f3n y al ofrecimiento de informaci\u00f3n con la radio<\/p>\n<p>3.- Mejorar la cooperaci\u00f3n y las redes internacionales entre organismos de radiodifusi\u00f3n.<\/p>\n<p>Hoy, la consigna para celebrar la fecha es: &#8220;Di\u00e1logo, tolerancia y paz&#8221;. El objetivo es dar pasos para aumentar el di\u00e1logo sobre los problemas globales, como la migraci\u00f3n, la violencia contra las mujeres y la pobreza, proporcionando la radio como una plataforma para los debates democr\u00e1ticos.<\/p>\n<p>El medio de comunicaci\u00f3n se desarroll\u00f3 y se adapt\u00f3 a las tecnolog\u00edas manteni\u00e9ndola como herramienta de recepci\u00f3n de informaci\u00f3n para millones de personas. Seg\u00fan datos actuales, existen 44.000 emisoras en el mundo. El n\u00famero de estaciones de radio en \u00c1frica es mayor que el n\u00famero de peri\u00f3dicos y canales de televisi\u00f3n.<\/p>\n<p><strong>Agencia Red Medios Digital<\/strong><\/p>\n","protected":false},"excerpt":{"rendered":"<p>Desde finales del siglo XIX, el mundo ha tenido en su entorno la radio como medio de comunicaci\u00f3n que lo acerca a los hechos de manera inmediata. Durante las guerras mundiales y a lo largo de la historia, la radio permiti\u00f3 recibir y mandar mensajes de aliento a las regiones apartadas. Para conmemorar la importancia &hellip;<\/p>\n","protected":false},"author":1,"featured_media":33752,"comment_status":"open","ping_status":"open","sticky":false,"template":"","format":"standard","meta":{"footnotes":""},"categories":[4,37],"tags":[4446],"class_list":["post-33751","post","type-post","status-publish","format-standard","has-post-thumbnail","hentry","category-barra","category-paseo-cultural","tag-dia-mundial-de-la-radio"],"_links":{"self":[{"href":"https:\/\/contraluzcucuta.co\/index.php?rest_route=\/wp\/v2\/posts\/33751","targetHints":{"allow":["GET"]}}],"collection":[{"href":"https:\/\/contraluzcucuta.co\/index.php?rest_route=\/wp\/v2\/posts"}],"about":[{"href":"https:\/\/contraluzcucuta.co\/index.php?rest_route=\/wp\/v2\/types\/post"}],"author":[{"embeddable":true,"href":"https:\/\/contraluzcucuta.co\/index.php?rest_route=\/wp\/v2\/users\/1"}],"replies":[{"embeddable":true,"href":"https:\/\/contraluzcucuta.co\/index.php?rest_route=%2Fwp%2Fv2%2Fcomments&post=33751"}],"version-history":[{"count":1,"href":"https:\/\/contraluzcucuta.co\/index.php?rest_route=\/wp\/v2\/posts\/33751\/revisions"}],"predecessor-version":[{"id":33753,"href":"https:\/\/contraluzcucuta.co\/index.php?rest_route=\/wp\/v2\/posts\/33751\/revisions\/33753"}],"wp:featuredmedia":[{"embeddable":true,"href":"https:\/\/contraluzcucuta.co\/index.php?rest_route=\/wp\/v2\/media\/33752"}],"wp:attachment":[{"href":"https:\/\/contraluzcucuta.co\/index.php?rest_route=%2Fwp%2Fv2%2Fmedia&parent=33751"}],"wp:term":[{"taxonomy":"category","embeddable":true,"href":"https:\/\/contraluzcucuta.co\/index.php?rest_route=%2Fwp%2Fv2%2Fcategories&post=33751"},{"taxonomy":"post_tag","embeddable":true,"href":"https:\/\/contraluzcucuta.co\/index.php?rest_route=%2Fwp%2Fv2%2Ftags&post=33751"}],"curies":[{"name":"wp","href":"https:\/\/api.w.org\/{rel}","templated":true}]}}