{"id":33736,"date":"2019-02-10T17:47:56","date_gmt":"2019-02-10T22:47:56","guid":{"rendered":"http:\/\/contraluzcucuta.co\/?p=33736"},"modified":"2019-02-10T17:47:56","modified_gmt":"2019-02-10T22:47:56","slug":"mambru-no-va-a-la-guerra-dia-internacional-contra-el-reclutamiento-de-ninos-y-jovenes","status":"publish","type":"post","link":"https:\/\/contraluzcucuta.co\/?p=33736","title":{"rendered":"MAMBR\u00da NO VA A LA GUERRA. D\u00eda Internacional contra el Reclutamiento de Ni\u00f1os y J\u00f3venes"},"content":{"rendered":"<p style=\"padding-left: 60px;\"><span style=\"color: #ff6600;\"><strong>C\u00daCUTA.-<\/strong> Estudiantes, habitantes de diferentes comunidades, personas en proceso de reintegraci\u00f3n, entidades p\u00fablicas, empresas privadas, organismos internacionales y medios de comunicaci\u00f3n participar\u00e1n, este 12 de febrero, en la conmemoraci\u00f3n del D\u00eda Internacional contra el Reclutamiento de Ni\u00f1os y Adolescentes en C\u00facuta y Arauca.<\/span><\/p>\n<p>Los participantes enviar\u00e1n mensajes a \u00a0ni\u00f1os, adolescentes y j\u00f3venes sobre el buen uso del tiempo libre y el aprovechamiento de actividades de arte, cultura, deporte y educaci\u00f3n como principal garant\u00eda para prevenir el reclutamiento por parte de grupos armados ilegales y de grupos de delincuencia com\u00fan.<\/p>\n<p>En el desarrollo de la conmemoraci\u00f3n se llevar\u00e1 a cabo la caminata que partir\u00e1, a las 8:00 de la ma\u00f1ana, en el parque Santander y se dirigir\u00e1 hasta la plazoleta de Telecom. En Arauca, ir\u00e1 del parque principal Sim\u00f3n Bol\u00edvar y terminar\u00e1 en el Parque de Las Corocoras.<\/p>\n<p>En el punto de llegada tendr\u00e1n lugar manifestaciones art\u00edsticas y culturales de ni\u00f1os y j\u00f3venes, que se desarrollar\u00e1n para presentar la oferta con la que cuentan las instituciones en beneficio de esta poblaci\u00f3n.<\/p>\n<p>\u201cComo en a\u00f1os anteriores, lideraremos esta jornada, cada vez m\u00e1s articulada con los gobiernos departamental y municipal, para resaltar que en la regi\u00f3n es parte de la agenda principal la implementaci\u00f3n de pol\u00edticas para la prevenci\u00f3n del reclutamiento, as\u00ed como proyectos para generar entornos protectores para ni\u00f1os y j\u00f3venes desde escenarios educativos, culturales, art\u00edsticos y deportivos, por un Catatumbo sostenible\u201d, dijo Tyrone Rodr\u00edguez, coordinador de la ARN en Norte de Santander y Arauca.<\/p>\n<p>En Colombia, desde el 2010, la ARN lidera la estrategia \u2018Mambr\u00fa no va a la guerra. Este es otro cuento\u2019 para la promoci\u00f3n y protecci\u00f3n de los derechos de ni\u00f1os y j\u00f3venes, y la prevenci\u00f3n del reclutamiento por parte de grupos armados ilegales.<\/p>\n<p>Con 136 intervenciones, \u2018Mambr\u00fa\u2019 ha fortalecido iniciativas locales juveniles art\u00edsticas, deportivas y de emprendimiento en ciudades y veredas de 29 departamentos del pa\u00eds para beneficiar a 6881 menores.<\/p>\n","protected":false},"excerpt":{"rendered":"<p>C\u00daCUTA.- Estudiantes, habitantes de diferentes comunidades, personas en proceso de reintegraci\u00f3n, entidades p\u00fablicas, empresas privadas, organismos internacionales y medios de comunicaci\u00f3n participar\u00e1n, este 12 de febrero, en la conmemoraci\u00f3n del D\u00eda Internacional contra el Reclutamiento de Ni\u00f1os y Adolescentes en C\u00facuta y Arauca. Los participantes enviar\u00e1n mensajes a \u00a0ni\u00f1os, adolescentes y j\u00f3venes sobre el buen &hellip;<\/p>\n","protected":false},"author":1,"featured_media":33737,"comment_status":"open","ping_status":"open","sticky":false,"template":"","format":"standard","meta":{"footnotes":""},"categories":[45,4],"tags":[4442,4443],"class_list":["post-33736","post","type-post","status-publish","format-standard","has-post-thumbnail","hentry","category-destacado","category-barra","tag-mambru","tag-reintegracion-nacional"],"_links":{"self":[{"href":"https:\/\/contraluzcucuta.co\/index.php?rest_route=\/wp\/v2\/posts\/33736","targetHints":{"allow":["GET"]}}],"collection":[{"href":"https:\/\/contraluzcucuta.co\/index.php?rest_route=\/wp\/v2\/posts"}],"about":[{"href":"https:\/\/contraluzcucuta.co\/index.php?rest_route=\/wp\/v2\/types\/post"}],"author":[{"embeddable":true,"href":"https:\/\/contraluzcucuta.co\/index.php?rest_route=\/wp\/v2\/users\/1"}],"replies":[{"embeddable":true,"href":"https:\/\/contraluzcucuta.co\/index.php?rest_route=%2Fwp%2Fv2%2Fcomments&post=33736"}],"version-history":[{"count":1,"href":"https:\/\/contraluzcucuta.co\/index.php?rest_route=\/wp\/v2\/posts\/33736\/revisions"}],"predecessor-version":[{"id":33738,"href":"https:\/\/contraluzcucuta.co\/index.php?rest_route=\/wp\/v2\/posts\/33736\/revisions\/33738"}],"wp:featuredmedia":[{"embeddable":true,"href":"https:\/\/contraluzcucuta.co\/index.php?rest_route=\/wp\/v2\/media\/33737"}],"wp:attachment":[{"href":"https:\/\/contraluzcucuta.co\/index.php?rest_route=%2Fwp%2Fv2%2Fmedia&parent=33736"}],"wp:term":[{"taxonomy":"category","embeddable":true,"href":"https:\/\/contraluzcucuta.co\/index.php?rest_route=%2Fwp%2Fv2%2Fcategories&post=33736"},{"taxonomy":"post_tag","embeddable":true,"href":"https:\/\/contraluzcucuta.co\/index.php?rest_route=%2Fwp%2Fv2%2Ftags&post=33736"}],"curies":[{"name":"wp","href":"https:\/\/api.w.org\/{rel}","templated":true}]}}