{"id":33726,"date":"2019-02-10T12:31:34","date_gmt":"2019-02-10T17:31:34","guid":{"rendered":"http:\/\/contraluzcucuta.co\/?p=33726"},"modified":"2019-02-10T12:31:34","modified_gmt":"2019-02-10T17:31:34","slug":"dia-del-periodista-la-felicitacion-del-buitre","status":"publish","type":"post","link":"https:\/\/contraluzcucuta.co\/?p=33726","title":{"rendered":"D\u00cdA DEL PERIODISTA. La felicitaci\u00f3n del buitre"},"content":{"rendered":"<p style=\"padding-left: 60px;\"><span style=\"color: #ff6600;\">Muchos de esos que hoy felicitan a los periodistas son los mismos que los amedrentan cuando denuncian o informan. Los periodistas son buenos cuando sirven a sus intereses y malos cuando se reh\u00fasan a ser pieza de esas mafias que apocan al Estado y a la sociedad.<\/span><\/p>\n<p>Da asco ver a muchos de esos que amordazan a los comunicadores enviando saludos y felicitaciones. Son como el buitre que acecha y picotea.<\/p>\n<p>Ser periodista est\u00e1 m\u00e1s all\u00e1 de eso&#8230; Est\u00e1 en la inquietud por saber a qui\u00e9n beneficia o a qui\u00e9n afecta lo que informamos. Cuando esas preguntas llegan, no se traga entero se protege a la comunidad y se desenmascara la corrupci\u00f3n.<\/p>\n<p>As\u00ed que esas felicitaciones, muchas de ellas, llegan con beneficio de inventario. Al final pareciera que el buen comunicador es aquel que es fiel a su pluma, a su pensamiento, a su propuesta, sin importar cu\u00e1ntos insultos lleguen porque en este tema, como en otros, decir la verdad ofende, porque esa verdad es solo eso y por eso \u201cduele\u201d.<\/p>\n<p>Buen d\u00eda a todos esos que verdaderamente se sienten y act\u00faan como periodistas y no a esos que solo mercadean con la informaci\u00f3n.<\/p>\n<p><strong>JUAN RICARDO G\u00c9LVEZ<\/strong><\/p>\n","protected":false},"excerpt":{"rendered":"<p>Muchos de esos que hoy felicitan a los periodistas son los mismos que los amedrentan cuando denuncian o informan. Los periodistas son buenos cuando sirven a sus intereses y malos cuando se reh\u00fasan a ser pieza de esas mafias que apocan al Estado y a la sociedad. Da asco ver a muchos de esos que &hellip;<\/p>\n","protected":false},"author":1,"featured_media":33727,"comment_status":"open","ping_status":"open","sticky":false,"template":"","format":"standard","meta":{"footnotes":""},"categories":[14],"tags":[2042],"class_list":["post-33726","post","type-post","status-publish","format-standard","has-post-thumbnail","hentry","category-articulistas","tag-dia-del-periodista-en-colombia"],"_links":{"self":[{"href":"https:\/\/contraluzcucuta.co\/index.php?rest_route=\/wp\/v2\/posts\/33726","targetHints":{"allow":["GET"]}}],"collection":[{"href":"https:\/\/contraluzcucuta.co\/index.php?rest_route=\/wp\/v2\/posts"}],"about":[{"href":"https:\/\/contraluzcucuta.co\/index.php?rest_route=\/wp\/v2\/types\/post"}],"author":[{"embeddable":true,"href":"https:\/\/contraluzcucuta.co\/index.php?rest_route=\/wp\/v2\/users\/1"}],"replies":[{"embeddable":true,"href":"https:\/\/contraluzcucuta.co\/index.php?rest_route=%2Fwp%2Fv2%2Fcomments&post=33726"}],"version-history":[{"count":1,"href":"https:\/\/contraluzcucuta.co\/index.php?rest_route=\/wp\/v2\/posts\/33726\/revisions"}],"predecessor-version":[{"id":33728,"href":"https:\/\/contraluzcucuta.co\/index.php?rest_route=\/wp\/v2\/posts\/33726\/revisions\/33728"}],"wp:featuredmedia":[{"embeddable":true,"href":"https:\/\/contraluzcucuta.co\/index.php?rest_route=\/wp\/v2\/media\/33727"}],"wp:attachment":[{"href":"https:\/\/contraluzcucuta.co\/index.php?rest_route=%2Fwp%2Fv2%2Fmedia&parent=33726"}],"wp:term":[{"taxonomy":"category","embeddable":true,"href":"https:\/\/contraluzcucuta.co\/index.php?rest_route=%2Fwp%2Fv2%2Fcategories&post=33726"},{"taxonomy":"post_tag","embeddable":true,"href":"https:\/\/contraluzcucuta.co\/index.php?rest_route=%2Fwp%2Fv2%2Ftags&post=33726"}],"curies":[{"name":"wp","href":"https:\/\/api.w.org\/{rel}","templated":true}]}}