{"id":33711,"date":"2019-02-07T10:17:30","date_gmt":"2019-02-07T15:17:30","guid":{"rendered":"http:\/\/contraluzcucuta.co\/?p=33711"},"modified":"2019-02-07T10:17:30","modified_gmt":"2019-02-07T15:17:30","slug":"opinion-la-crisis-del-periodismo","status":"publish","type":"post","link":"https:\/\/contraluzcucuta.co\/?p=33711","title":{"rendered":"OPINI\u00d3N. La crisis del periodismo"},"content":{"rendered":"<p style=\"padding-left: 60px;\"><span style=\"color: #ff6600;\">Una de las m\u00e1s profundas crisis en el periodismo la padecemos hoy en Colombia. La crisis pasa por m\u00faltiples estadios y es hora de la gran reflexi\u00f3n. Pero lo que sucede es que los periodistas somos tan egoc\u00e9ntricos que creemos que no estamos haciendo nada mal. En medio de ese inmenso poder que creemos tener porque alguien nos escucha, nos lee o nos ve, ni siquiera nos damos el tiempo para pensar si entre tantas voces cr\u00edticas algunas tienen la raz\u00f3n.\u00a0<\/span><\/p>\n<p><span style=\"color: #000000;\">La cultura period\u00edstica cambi\u00f3. Los grandes maestros del oficio ya no est\u00e1n, muchos ya fallecieron, otros est\u00e1n retira<\/span>dos y no hay voces que tengan la suficiente sind\u00e9resis para llamar al orden, a la calma. La verdad, tambi\u00e9n, es que las redes sociales convirtieron el periodismo en la cultura del espect\u00e1culo. Se mide al periodista por el n\u00famero de clicks que pueda obtener, a costa de su propia credibilidad. Hoy son m\u00e1s los opinadores que los informadores. Los periodistas ya no relatan, ya no cuenta, ya no reportean, solo opinan. No importa que en ese proceso arrasen con la verdad, confundan opini\u00f3n con informaci\u00f3n, se conviertan en disparadores de la violencia verbal y f\u00edsica.<\/p>\n<p>Nada importa, lo \u00fanico valioso es si eso me reporta tendencias en twitter, nuevos seguidores o m\u00e1s \u2018me gusta\u2019. Por eso vemos cosas impensables hace pocos a\u00f1os. Grandes referentes del periodismo convertidos en rehenes de movimientos pol\u00edticos. Los sentimientos m\u00e1s bajos depositados en la gran cloaca de las redes sociales. Kapuscinski dec\u00eda que solo las buenas personas pod\u00edan ser buenos periodistas. Ser\u00eda en su tiempo, maestro. Conozco mucha gente perversa a la que sus colegas y admiradores los consideran emblemas del buen periodismo.<br \/>\nQu\u00e9 dif\u00edcil es trasmitir un mensaje distinto a los que apenas se est\u00e1n formando en esta profesi\u00f3n. C\u00f3mo explicarles que un periodista es valioso por su compromiso con los m\u00e1s desfavorecidos y no por ser complaciente con los m\u00e1s poderosos. C\u00f3mo decirles que es preferible un comunicador que lucha por buscar la verdad que uno que solo pretende ganar \u2018likes\u2019 con opiniones deformadas. C\u00f3mo convencerlos que siempre ser\u00e1 mejor contar la historia del otro que ser yo el protagonista.<br \/>\nMuy dif\u00edcil en esta era del periodismo-espect\u00e1culo. El periodismo no es ni lo sombra de lo que era. La prepotencia, la soberbia, la groser\u00eda, el desd\u00e9n por los dem\u00e1s, la falta de rigor, los intereses, el sue\u00f1o de la fama, el poder que todo lo obnubila, las mentiras, la manipulaci\u00f3n, la hipocres\u00eda son los nuevos valores. El periodista hoy solo sirve en Colombia para ahondar m\u00e1s en la divisi\u00f3n. En vez de llamar a la calma y la prudencia optamos por el papel de Ner\u00f3n en un pa\u00eds que ya arde en llamas. Mientras tanto los medios ahogados, sin expectativa, cooptados por diversos intereses, en un sin salida que mina cada d\u00eda su credibilidad.<br \/>\nEstamos en una revoluci\u00f3n sin precedentes. Nada ser\u00e1 igual. El periodismo como lo conocimos ha muerto. Debe llegar una transformaci\u00f3n, pero desconozco si ser\u00e1 la correcta. Hoy lo que estamos ofreciendo no est\u00e1 bien. El periodista es un gladiador m\u00e1s en el circo romano en que se ha convertido esta actividad.<\/p>\n<p><strong><em>GERARDO QUINTERO<\/em><\/strong><\/p>\n<p><strong>ElPais.com.co<\/strong><\/p>\n<p><strong>@Gerardoquinte<\/strong><\/p>\n","protected":false},"excerpt":{"rendered":"<p>Una de las m\u00e1s profundas crisis en el periodismo la padecemos hoy en Colombia. La crisis pasa por m\u00faltiples estadios y es hora de la gran reflexi\u00f3n. Pero lo que sucede es que los periodistas somos tan egoc\u00e9ntricos que creemos que no estamos haciendo nada mal. En medio de ese inmenso poder que creemos tener &hellip;<\/p>\n","protected":false},"author":1,"featured_media":33712,"comment_status":"open","ping_status":"open","sticky":false,"template":"","format":"standard","meta":{"footnotes":""},"categories":[14,4],"tags":[4439,743],"class_list":["post-33711","post","type-post","status-publish","format-standard","has-post-thumbnail","hentry","category-articulistas","category-barra","tag-dia-del-periodismo","tag-periodistas-de-cucuta"],"_links":{"self":[{"href":"https:\/\/contraluzcucuta.co\/index.php?rest_route=\/wp\/v2\/posts\/33711","targetHints":{"allow":["GET"]}}],"collection":[{"href":"https:\/\/contraluzcucuta.co\/index.php?rest_route=\/wp\/v2\/posts"}],"about":[{"href":"https:\/\/contraluzcucuta.co\/index.php?rest_route=\/wp\/v2\/types\/post"}],"author":[{"embeddable":true,"href":"https:\/\/contraluzcucuta.co\/index.php?rest_route=\/wp\/v2\/users\/1"}],"replies":[{"embeddable":true,"href":"https:\/\/contraluzcucuta.co\/index.php?rest_route=%2Fwp%2Fv2%2Fcomments&post=33711"}],"version-history":[{"count":1,"href":"https:\/\/contraluzcucuta.co\/index.php?rest_route=\/wp\/v2\/posts\/33711\/revisions"}],"predecessor-version":[{"id":33713,"href":"https:\/\/contraluzcucuta.co\/index.php?rest_route=\/wp\/v2\/posts\/33711\/revisions\/33713"}],"wp:featuredmedia":[{"embeddable":true,"href":"https:\/\/contraluzcucuta.co\/index.php?rest_route=\/wp\/v2\/media\/33712"}],"wp:attachment":[{"href":"https:\/\/contraluzcucuta.co\/index.php?rest_route=%2Fwp%2Fv2%2Fmedia&parent=33711"}],"wp:term":[{"taxonomy":"category","embeddable":true,"href":"https:\/\/contraluzcucuta.co\/index.php?rest_route=%2Fwp%2Fv2%2Fcategories&post=33711"},{"taxonomy":"post_tag","embeddable":true,"href":"https:\/\/contraluzcucuta.co\/index.php?rest_route=%2Fwp%2Fv2%2Ftags&post=33711"}],"curies":[{"name":"wp","href":"https:\/\/api.w.org\/{rel}","templated":true}]}}