{"id":33670,"date":"2019-01-30T20:21:50","date_gmt":"2019-01-31T01:21:50","guid":{"rendered":"http:\/\/contraluzcucuta.co\/?p=33670"},"modified":"2019-01-30T20:21:50","modified_gmt":"2019-01-31T01:21:50","slug":"protesta-que-no-se-hagan-coger-fastidio","status":"publish","type":"post","link":"https:\/\/contraluzcucuta.co\/?p=33670","title":{"rendered":"PROTESTA. Que no se hagan coger fastidio"},"content":{"rendered":"<p style=\"padding-left: 60px;\"><span style=\"color: #ff6600;\"><strong>C\u00daCUTA.-<\/strong> La protesta est\u00e1 consignada en la Constituci\u00f3n, nada qu\u00e9 hacer. Pero ese tipo de protestas, como la del\u00a0 transporte p\u00fablico, es una &#8220;parada&#8221; casi sin fundamentos, al menos para los usuarios, en el entendido que este servicio p\u00fablico es un negocio. Entonces, no se entiende por qu\u00e9 los usuarios, que son los consumidores, tienen que verse seriamente perjudicados. Los conductores deben ser m\u00e1s inteligentes. La protesta debe\u00a0 ir dirigida al Estado que es el que afecta el negocio al otorgar m\u00e1s cupos o al subir la gasolina o, sencillamente, al no pavimentar las calles.<\/span><\/p>\n<p>La mayor\u00eda de los\u00a0 cucute\u00f1os que usan el servicio de transporte p\u00fablico lleg\u00f3 tarde al trabajo. Los que bajaron desde la Ciudadela Juan Atalaya se sintieron en Viernes Santo, por la romer\u00eda\u00a0 hasta la glorieta de la Terminal. All\u00ed, encontraban apostados a los conductores que no se movilizaron e intentaron agredir a los pocos choferes de busetas que pensaron en los usuarios. Se report\u00f3, en la v\u00eda Puerto Santander &#8211; C\u00facuta una buseta con el panor\u00e1mico\u00a0 roto por hacer lo que le corresponde, transportar gente.<\/p>\n<p>Escenas similares se vieron en las lomas de la Ciudadela La Libertad, la bajada de San Mart\u00edn, el cruce de Cuatro Vientos y la glorieta de la Silla Coja. \u2018Chorros y chorros\u2019 de gente bajo la\u00a0 gar\u00faa que ca\u00eda, formaron r\u00edos de necesitados. Como siempre, toda dificultad trae consigo a los aprovechados, y ayer fueron los taxistas, que aprovecharon y seleccionaron los sitios a los que iban y por los que no van jam\u00e1s cuando el usuario los necesita. Los taxistas, una vez m\u00e1s, se convirtieron en el almagre del que tanto quieren zafarse, el de \u2018ladrones\u2019, carreras costosas, tax\u00edmetros olvidados, apagados o en desuso, y autoridades que no ejercen autoridad donde deben hacerlo, sino donde pueden sacar provecho.<\/p>\n<p>La invitaci\u00f3n a los transportadores es a que piensen en los que consumen el producto, en no dejar hu\u00e9rfanos a los usuarios y tener en cuenta que no son culpables de las medidas administrativas municipales. Si van a seguir escud\u00e1ndose en que no pagan completo el pasaje, como dicen en los vidrios\u00a0 de las busetas, es sencillo, no suban a nadie si no tiene los $1600 completos. Negativa que hasta puede convertirse en una manera de educar.<\/p>\n<p>\u00bfSe imaginan si los cucute\u00f1os deciden pasar\u00a0 factura por estos actos deliberados en contra de los usuarios? Medidas que lo \u00fanico que consiguen es fortalecer la pirater\u00eda, que es un problema real.<\/p>\n<p>&nbsp;<\/p>\n<p><strong>ATT: UN TOCHE ARRECHO<\/strong><\/p>\n","protected":false},"excerpt":{"rendered":"<p>C\u00daCUTA.- La protesta est\u00e1 consignada en la Constituci\u00f3n, nada qu\u00e9 hacer. Pero ese tipo de protestas, como la del\u00a0 transporte p\u00fablico, es una &#8220;parada&#8221; casi sin fundamentos, al menos para los usuarios, en el entendido que este servicio p\u00fablico es un negocio. Entonces, no se entiende por qu\u00e9 los usuarios, que son los consumidores, tienen &hellip;<\/p>\n","protected":false},"author":1,"featured_media":33671,"comment_status":"open","ping_status":"open","sticky":false,"template":"","format":"standard","meta":{"footnotes":""},"categories":[14,4],"tags":[4434,4433],"class_list":["post-33670","post","type-post","status-publish","format-standard","has-post-thumbnail","hentry","category-articulistas","category-barra","tag-empresas-de-busetas","tag-paro-de-transporte"],"_links":{"self":[{"href":"https:\/\/contraluzcucuta.co\/index.php?rest_route=\/wp\/v2\/posts\/33670","targetHints":{"allow":["GET"]}}],"collection":[{"href":"https:\/\/contraluzcucuta.co\/index.php?rest_route=\/wp\/v2\/posts"}],"about":[{"href":"https:\/\/contraluzcucuta.co\/index.php?rest_route=\/wp\/v2\/types\/post"}],"author":[{"embeddable":true,"href":"https:\/\/contraluzcucuta.co\/index.php?rest_route=\/wp\/v2\/users\/1"}],"replies":[{"embeddable":true,"href":"https:\/\/contraluzcucuta.co\/index.php?rest_route=%2Fwp%2Fv2%2Fcomments&post=33670"}],"version-history":[{"count":1,"href":"https:\/\/contraluzcucuta.co\/index.php?rest_route=\/wp\/v2\/posts\/33670\/revisions"}],"predecessor-version":[{"id":33672,"href":"https:\/\/contraluzcucuta.co\/index.php?rest_route=\/wp\/v2\/posts\/33670\/revisions\/33672"}],"wp:featuredmedia":[{"embeddable":true,"href":"https:\/\/contraluzcucuta.co\/index.php?rest_route=\/wp\/v2\/media\/33671"}],"wp:attachment":[{"href":"https:\/\/contraluzcucuta.co\/index.php?rest_route=%2Fwp%2Fv2%2Fmedia&parent=33670"}],"wp:term":[{"taxonomy":"category","embeddable":true,"href":"https:\/\/contraluzcucuta.co\/index.php?rest_route=%2Fwp%2Fv2%2Fcategories&post=33670"},{"taxonomy":"post_tag","embeddable":true,"href":"https:\/\/contraluzcucuta.co\/index.php?rest_route=%2Fwp%2Fv2%2Ftags&post=33670"}],"curies":[{"name":"wp","href":"https:\/\/api.w.org\/{rel}","templated":true}]}}