{"id":33643,"date":"2019-01-27T21:04:55","date_gmt":"2019-01-28T02:04:55","guid":{"rendered":"http:\/\/contraluzcucuta.co\/?p=33643"},"modified":"2019-01-27T21:04:55","modified_gmt":"2019-01-28T02:04:55","slug":"carta-al-presidente-cadena-es-cierto-que-los-ninos-somos-los-futuros-hinchas-del-cucuta-deportivo","status":"publish","type":"post","link":"https:\/\/contraluzcucuta.co\/?p=33643","title":{"rendered":"CARTA AL PRESIDENTE CADENA. \u00bfEs cierto que los ni\u00f1os somos los futuros hinchas del C\u00facuta Deportivo?"},"content":{"rendered":"<p style=\"padding-left: 60px;\"><span style=\"color: #ff6600;\"><strong>C\u00daCUTA.-<\/strong> Don Jos\u00e9 Augusto, le escribo desde C\u00facuta, ciudad en la que usted tambi\u00e9n naci\u00f3 y en la que ha fortalecido su esp\u00edritu empresarial. Aunque nuestra diferencia de edades es amplia, nos unen varios gustos materiales que tenemos por la plata, usted la guarda en los bancos, yo en la alcanc\u00eda; por los negocios, usted compra y vende equipos, yo sue\u00f1o con otro juguete, y por el C\u00facuta Deportivo, usted preside el club, yo ruego para que me lleven al estadio.<\/span><\/p>\n<p>La fiebre rojinegra la conoc\u00ed hace poco tiempo y en esos cortos meses aprend\u00ed a querer el equipo. Cuando juego en casa visto con orgullo el uniforme motil\u00f3n y cuando pienso en que ser\u00e9 futbolista profesional expreso mi anhelo de servir al plantel fronterizo. No tengo otra intenci\u00f3n, sino la de ser titular en el once de mi ciudad. As\u00ed en casa me pongan camisetas del Barcelona, Real Madrid y PSG lo m\u00edo es el C\u00facuta Deportivo. Ojal\u00e1 los d\u00f3lares o los euros no me hagan cambiar de opini\u00f3n.<\/p>\n<p>Presi, el s\u00e1bado en la noche estuve en el General. Quer\u00eda ser testigo del regreso del equipo a la A. En el 2018, asist\u00ed a varios partidos, incluidos los que nos dieron el ascenso y el t\u00edtulo de campe\u00f3n. Ah\u00ed estuve, sentado juicioso en una de las sillas de Occidental. Com\u00ed paleta, palomitas, chicharr\u00f3n y papas de las de bolsita. Solo tom\u00e9 agua. No se imagina la alegr\u00eda que me daba ver a Chaverra (mi amigo), Duarte, Braynner (el l\u00edder), Chica, Agudelo y los otros de los que no me aprend\u00ed los nombres.<\/p>\n<p>Salt\u00e9 de emoci\u00f3n con cada gol anotado y disfrutaba cuando Pusineri impart\u00eda \u00f3rdenes. A usted casi no lo vi, aunque escuchaba a los adultos decir \u2018ah\u00ed va Cadena\u2019. Bueno, y agregaban unas palabritas que por edad no puedo repetir. Los goles de los rivales me entristec\u00edan, pero no me hac\u00edan pensar en la derrota, porque mi Nono cuando me habla del General dice que en su lejana juventud lo llamaban \u2018el fort\u00edn rojinegro\u2019. Y en esta ocasi\u00f3n retom\u00f3 ese calificativo.<\/p>\n<p>Procur\u00e9 portarme bien en el jard\u00edn y en casa para que el d\u00eda del partido no me dejaran vi\u00e9ndolo por televisi\u00f3n. \u00bfSabe una cosa don Jos\u00e9? Eso en el televisor no es lo mismo que en las grader\u00edas del estadio. Los locutores a veces exageran y no cuentan la verdad. Defienden sus camisetas y no son imparciales. No me gusta quedarme solo frente a ese aparato fr\u00edo y distante. No hay como escuchar a los mayores rabiosos con el juez y dici\u00e9ndole \u2018\u00e1rbitro, dele correa\u2019. En casa la \u00fanica que grita es mi mam\u00e1 para que le alcance un vaso de agua.<\/p>\n<p>Se\u00f1or Cadena, para el primer encuentro contra \u00c1guilas estaba nervioso. La salida de algunos jugadores y la llegada de otros me ten\u00edan con el coraz\u00f3n acelerado. El viernes fui con mi hermana, que tambi\u00e9n aprendi\u00f3 a vestirse de rojinegro, y con mi Nono, que es el alcahueta de mis quereres motilones, a ver la presentaci\u00f3n del equipo. Me gustaron los uniformes y el bolso. Para eso es que guardo monedas en la alcanc\u00eda, para un d\u00eda comprar la camiseta original y llevarla al General y desfilar con los futbolistas y posar para la foto. S\u00e9 que ese sue\u00f1o se cumplir\u00e1 pronto.<\/p>\n<p>De este partido le comento, Presi, aqu\u00ed entre nos, que los primeros minutos no los vi, porque casi no me dejan entrar. La se\u00f1orita de la porter\u00eda dijo que estaba prohibido el ingreso a ni\u00f1os menores de 6 a\u00f1os, y le ech\u00f3 la culpa a la Polic\u00eda. No creo que el coronel Barrera haya dado semejante orden. Tampoco creo que haya sido usted. Menos el alcalde Rojas Ayala ni el gobernador Villamizar Laguado. Eso me puso mal y no disfrut\u00e9 el primer gol de Miranda. Ten\u00eda miedo de que un agente me sacara o que peleara con mi Nono. Gracias a Dios no ocurri\u00f3 nada de eso.<\/p>\n<p>Los otros dos tantos de Agudelo me devolvieron el alma. La atajada de Chaverra, en el minuto final, fue lo m\u00e1ximo. A los muchachos los vi lentos, como todav\u00eda con el peso de las vacaciones en los pies. Estoy seguro de que mejorar\u00e1n, no lo dudo y ser\u00e1n muchas las victorias que viviremos en el General. Aunque me asalta una duda. \u00bfSer\u00e1 cierto que no me van a dejar entrar m\u00e1s, porque soy un ni\u00f1o?<\/p>\n<p>La verdad, ver\u00eda frustrados mis sue\u00f1os. Le cuento, don Jos\u00e9, el a\u00f1o pasado en el jard\u00edn les hablaba a mis amigos del C\u00facuta Deportivo y aprendieron algunos nombres porque se los repet\u00eda. Ahora, en el colegio, qu\u00e9 voy a comentar si no me dejan entrar. Presidente, si es cierto que los ni\u00f1os somos los futuros hinchas del C\u00facuta Deportivo no me deje por fuera. Una orden suya bastar\u00e1 para que siga como fiel a la camiseta. Y no se preocupe, porque mi Nono no nos suelta de la mano.<\/p>\n<p>Su digno servidor,<\/p>\n<p><strong>SAMUEL YAMIT PAB\u00d3N<\/strong><\/p>\n","protected":false},"excerpt":{"rendered":"<p>C\u00daCUTA.- Don Jos\u00e9 Augusto, le escribo desde C\u00facuta, ciudad en la que usted tambi\u00e9n naci\u00f3 y en la que ha fortalecido su esp\u00edritu empresarial. Aunque nuestra diferencia de edades es amplia, nos unen varios gustos materiales que tenemos por la plata, usted la guarda en los bancos, yo en la alcanc\u00eda; por los negocios, usted &hellip;<\/p>\n","protected":false},"author":1,"featured_media":33644,"comment_status":"open","ping_status":"open","sticky":false,"template":"","format":"standard","meta":{"footnotes":""},"categories":[4,28],"tags":[4378,1166,2509],"class_list":["post-33643","post","type-post","status-publish","format-standard","has-post-thumbnail","hentry","category-barra","category-vistazo-deportivo","tag-cucuta-deportivo-2019","tag-estadio-general-santander","tag-jose-augusto-cadena"],"_links":{"self":[{"href":"https:\/\/contraluzcucuta.co\/index.php?rest_route=\/wp\/v2\/posts\/33643","targetHints":{"allow":["GET"]}}],"collection":[{"href":"https:\/\/contraluzcucuta.co\/index.php?rest_route=\/wp\/v2\/posts"}],"about":[{"href":"https:\/\/contraluzcucuta.co\/index.php?rest_route=\/wp\/v2\/types\/post"}],"author":[{"embeddable":true,"href":"https:\/\/contraluzcucuta.co\/index.php?rest_route=\/wp\/v2\/users\/1"}],"replies":[{"embeddable":true,"href":"https:\/\/contraluzcucuta.co\/index.php?rest_route=%2Fwp%2Fv2%2Fcomments&post=33643"}],"version-history":[{"count":1,"href":"https:\/\/contraluzcucuta.co\/index.php?rest_route=\/wp\/v2\/posts\/33643\/revisions"}],"predecessor-version":[{"id":33645,"href":"https:\/\/contraluzcucuta.co\/index.php?rest_route=\/wp\/v2\/posts\/33643\/revisions\/33645"}],"wp:featuredmedia":[{"embeddable":true,"href":"https:\/\/contraluzcucuta.co\/index.php?rest_route=\/wp\/v2\/media\/33644"}],"wp:attachment":[{"href":"https:\/\/contraluzcucuta.co\/index.php?rest_route=%2Fwp%2Fv2%2Fmedia&parent=33643"}],"wp:term":[{"taxonomy":"category","embeddable":true,"href":"https:\/\/contraluzcucuta.co\/index.php?rest_route=%2Fwp%2Fv2%2Fcategories&post=33643"},{"taxonomy":"post_tag","embeddable":true,"href":"https:\/\/contraluzcucuta.co\/index.php?rest_route=%2Fwp%2Fv2%2Ftags&post=33643"}],"curies":[{"name":"wp","href":"https:\/\/api.w.org\/{rel}","templated":true}]}}