{"id":33639,"date":"2019-01-27T19:33:27","date_gmt":"2019-01-28T00:33:27","guid":{"rendered":"http:\/\/contraluzcucuta.co\/?p=33639"},"modified":"2019-01-27T19:33:27","modified_gmt":"2019-01-28T00:33:27","slug":"megaobras-interseccion-vial-de-la-terminal-de-transportes-costara-32-000-millones","status":"publish","type":"post","link":"https:\/\/contraluzcucuta.co\/?p=33639","title":{"rendered":"MEGAOBRAS. Intersecci\u00f3n vial de la Terminal de Transportes costar\u00e1 $ 32.000 millones"},"content":{"rendered":"<p style=\"padding-left: 60px;\"><span style=\"color: #ff6600;\"><strong>C\u00daCUTA.-<\/strong> 9627 veh\u00edculos circulan a diario en las horas pico por la glorieta de la Terminal de Transportes de C\u00facuta. \u00a0La Alcald\u00eda iniciar\u00e1 la construcci\u00f3n de la intersecci\u00f3n vial que tendr\u00e1 la inversi\u00f3n de $ 32.000 millones, financiados por la contribuci\u00f3n de valorizaci\u00f3n.<\/span><\/p>\n<p>La implementaci\u00f3n del proyecto urban\u00edstico y de movilidad mejorar\u00e1 el flujo vehicular en esa zona de la ciudad. La estrategia a ejecutar es la construcci\u00f3n de dos elevados.<\/p>\n<p>1.- Desde la avenida 8, sector de Sevilla hacia la avenida 8 centro.<\/p>\n<p>2.- Diagonal Santander. Otro elevado desde la avenida 8 hacia atalaya. Este dise\u00f1o se elabor\u00f3 cuidadosamente para no generar inconvenientes secundarios.<\/p>\n<p>El alcalde C\u00e9sar Rojas socializ\u00f3 el proyecto ante la comunidad, los gremios y los medios de comunicaci\u00f3n. La obra comenzar\u00e1 en febrero y ser\u00e1 entregada en diciembre.<\/p>\n<p>La Uni\u00f3n Temporal el Indio Gant estar\u00e1 a cargo de los trabajos y garantiz\u00f3 que la mano de obra contratada ser\u00e1 de habitantes de las comunas colindantes con la megaobra. \u201cEs importante la generaci\u00f3n de empleo y sobre todo de las personas aleda\u00f1as al sector\u201d, dijo Rojas Ayala. Reiter\u00f3 que se trabajar\u00e1 24\/7 en esta obra en tres turnos al d\u00eda.<\/p>\n<p>C\u00facuta se proyecta con la construcci\u00f3n de obras que ser\u00e1n entregadas este a\u00f1o para cumplir las propuestas del alcalde C\u00e9sar Rojas.<\/p>\n","protected":false},"excerpt":{"rendered":"<p>C\u00daCUTA.- 9627 veh\u00edculos circulan a diario en las horas pico por la glorieta de la Terminal de Transportes de C\u00facuta. \u00a0La Alcald\u00eda iniciar\u00e1 la construcci\u00f3n de la intersecci\u00f3n vial que tendr\u00e1 la inversi\u00f3n de $ 32.000 millones, financiados por la contribuci\u00f3n de valorizaci\u00f3n. La implementaci\u00f3n del proyecto urban\u00edstico y de movilidad mejorar\u00e1 el flujo vehicular &hellip;<\/p>\n","protected":false},"author":1,"featured_media":33640,"comment_status":"open","ping_status":"open","sticky":false,"template":"","format":"standard","meta":{"footnotes":""},"categories":[2625,4],"tags":[2733,226,4421,4428],"class_list":["post-33639","post","type-post","status-publish","format-standard","has-post-thumbnail","hentry","category-alcaldia-de-cucuta","category-barra","tag-alcalde-cesar-rojas","tag-alcaldia-de-cucuta","tag-megaobras","tag-union-temporal-el-indio-gant"],"_links":{"self":[{"href":"https:\/\/contraluzcucuta.co\/index.php?rest_route=\/wp\/v2\/posts\/33639","targetHints":{"allow":["GET"]}}],"collection":[{"href":"https:\/\/contraluzcucuta.co\/index.php?rest_route=\/wp\/v2\/posts"}],"about":[{"href":"https:\/\/contraluzcucuta.co\/index.php?rest_route=\/wp\/v2\/types\/post"}],"author":[{"embeddable":true,"href":"https:\/\/contraluzcucuta.co\/index.php?rest_route=\/wp\/v2\/users\/1"}],"replies":[{"embeddable":true,"href":"https:\/\/contraluzcucuta.co\/index.php?rest_route=%2Fwp%2Fv2%2Fcomments&post=33639"}],"version-history":[{"count":1,"href":"https:\/\/contraluzcucuta.co\/index.php?rest_route=\/wp\/v2\/posts\/33639\/revisions"}],"predecessor-version":[{"id":33641,"href":"https:\/\/contraluzcucuta.co\/index.php?rest_route=\/wp\/v2\/posts\/33639\/revisions\/33641"}],"wp:featuredmedia":[{"embeddable":true,"href":"https:\/\/contraluzcucuta.co\/index.php?rest_route=\/wp\/v2\/media\/33640"}],"wp:attachment":[{"href":"https:\/\/contraluzcucuta.co\/index.php?rest_route=%2Fwp%2Fv2%2Fmedia&parent=33639"}],"wp:term":[{"taxonomy":"category","embeddable":true,"href":"https:\/\/contraluzcucuta.co\/index.php?rest_route=%2Fwp%2Fv2%2Fcategories&post=33639"},{"taxonomy":"post_tag","embeddable":true,"href":"https:\/\/contraluzcucuta.co\/index.php?rest_route=%2Fwp%2Fv2%2Ftags&post=33639"}],"curies":[{"name":"wp","href":"https:\/\/api.w.org\/{rel}","templated":true}]}}