{"id":33629,"date":"2019-01-27T17:20:04","date_gmt":"2019-01-27T22:20:04","guid":{"rendered":"http:\/\/contraluzcucuta.co\/?p=33629"},"modified":"2019-01-27T17:20:04","modified_gmt":"2019-01-27T22:20:04","slug":"plan-choque-disminuidos-el-hurto-y-el-homicidio-306-capturados","status":"publish","type":"post","link":"https:\/\/contraluzcucuta.co\/?p=33629","title":{"rendered":"PLAN CHOQUE. Disminuidos el hurto y el homicidio; \u00a0306 capturados\u00a0"},"content":{"rendered":"<p style=\"padding-left: 60px;\"><span style=\"color: #ff6600;\"><strong>C\u00daCUTA.-<\/strong> En lo corrido del 2019, se han capturado 20 sujetos por orden judicial y 286 en flagrancia, para un total de 306 responsables de diversos delitos. Ochenta de los detenidos son extranjeros.<\/span><\/p>\n<p>La Polic\u00eda Metropolitana de C\u00facuta entreg\u00f3 el parte de tranquilidad en cumplimiento del Plan Choque \u2018El Que La Hace La Paga\u2019 Fase II, \u2018Todos contra el delito\u2019 y el desarrollo de las \u2018Caravanas de Seguridad\u2019 en barrios, parques y puntos estrat\u00e9gicos de la ciudad.<\/p>\n<p>El trabajo est\u00e1 dise\u00f1ado para atacar el hurto en las diferentes modalidades, el homicidio, el porte ilegal de armas de fuego, el tr\u00e1fico y fabricaci\u00f3n de estupefacientes, los grupos de delincuencia com\u00fan organizada y los grupos delictivos organizados con injerencia en esta regi\u00f3n del pa\u00eds.<\/p>\n<p>Entre las capturas relevantes est\u00e1 la de Laura Lorena Monsalve Parada, integrante de la banda \u2018Los Cosquillos\u2019. El grupo se dedica al hurto a personas y en almacenes de cadena mediante las modalidades de \u2018cosquilleo\u2019 y \u2018mecheros\u2019. Est\u00e1 solicitada por concierto para delinquir y hurto calificado.<\/p>\n<p>\u2018Los Cosquillos\u2019 fue desarticulada, en septiembre, con la captura de cinco hombres y una mujer, relacionados en al menos 83 de casos de hurto. El campo de acci\u00f3n eran los parques Mercedes \u00c1brego y Santander y barrios de la Comuna 1.<\/p>\n<p>Otros datos que dej\u00f3 el balance del primer mes son los siguientes:<\/p>\n<p>1.- Reducci\u00f3n en el hurto a personas del 30 %; a comercios 84 %, a residencias 6 %, a veh\u00edculos 90 %, a motocicletas 38%. Lesiones personales 45 %.<\/p>\n<p>En los primeros 25 d\u00edas del a\u00f1o, el hurto disminuy\u00f3 en \u00a050 %. En el 2017 hubo 219 casos, en el 2018 ocurrieron 276 casos y en el 2019 baj\u00f3 a 164 casos.<\/p>\n<p>2.- Homicidio. Se redujo en el 46 %. Seis capturadas entre ellos un ciudadano extranjero y la incautaci\u00f3n de 29 armas de fuego.<\/p>\n<p>En la Comuna 3 se alcanz\u00f3 la reducci\u00f3n en 60 %, Comuna 4 en 53 %, Comuna 6 en 45 %, Comuna 7 en 52 %.<\/p>\n<p>Se recuperaron ocho motocicletas y tres veh\u00edculos.<\/p>\n<p>3.- Tr\u00e1fico de droga. Incautados 6588 gramos de estupefacientes. Aplicaci\u00f3n del C\u00f3digo Nacional de Polic\u00eda y Convivencia, han sido aplicados 1851 comparendos.<\/p>\n<p>En la Comuna 1 el hurto a comercios baj\u00f3 en10% y a personas en 17 %. Las lesiones personales cayeron en 41 % y la incautaci\u00f3n de estupefacientes en 63 %. Las actividades preventivas se llevan a cabo en los principales parques de comunas, barrios y puntos comerciales.<\/p>\n","protected":false},"excerpt":{"rendered":"<p>C\u00daCUTA.- En lo corrido del 2019, se han capturado 20 sujetos por orden judicial y 286 en flagrancia, para un total de 306 responsables de diversos delitos. Ochenta de los detenidos son extranjeros. La Polic\u00eda Metropolitana de C\u00facuta entreg\u00f3 el parte de tranquilidad en cumplimiento del Plan Choque \u2018El Que La Hace La Paga\u2019 Fase &hellip;<\/p>\n","protected":false},"author":1,"featured_media":33630,"comment_status":"open","ping_status":"open","sticky":false,"template":"","format":"standard","meta":{"footnotes":""},"categories":[11,4],"tags":[4426,323,163],"class_list":["post-33629","post","type-post","status-publish","format-standard","has-post-thumbnail","hentry","category-cronica-roja","category-barra","tag-balance-de-enero-2019","tag-mecuc","tag-policia-metropolitana"],"_links":{"self":[{"href":"https:\/\/contraluzcucuta.co\/index.php?rest_route=\/wp\/v2\/posts\/33629","targetHints":{"allow":["GET"]}}],"collection":[{"href":"https:\/\/contraluzcucuta.co\/index.php?rest_route=\/wp\/v2\/posts"}],"about":[{"href":"https:\/\/contraluzcucuta.co\/index.php?rest_route=\/wp\/v2\/types\/post"}],"author":[{"embeddable":true,"href":"https:\/\/contraluzcucuta.co\/index.php?rest_route=\/wp\/v2\/users\/1"}],"replies":[{"embeddable":true,"href":"https:\/\/contraluzcucuta.co\/index.php?rest_route=%2Fwp%2Fv2%2Fcomments&post=33629"}],"version-history":[{"count":1,"href":"https:\/\/contraluzcucuta.co\/index.php?rest_route=\/wp\/v2\/posts\/33629\/revisions"}],"predecessor-version":[{"id":33631,"href":"https:\/\/contraluzcucuta.co\/index.php?rest_route=\/wp\/v2\/posts\/33629\/revisions\/33631"}],"wp:featuredmedia":[{"embeddable":true,"href":"https:\/\/contraluzcucuta.co\/index.php?rest_route=\/wp\/v2\/media\/33630"}],"wp:attachment":[{"href":"https:\/\/contraluzcucuta.co\/index.php?rest_route=%2Fwp%2Fv2%2Fmedia&parent=33629"}],"wp:term":[{"taxonomy":"category","embeddable":true,"href":"https:\/\/contraluzcucuta.co\/index.php?rest_route=%2Fwp%2Fv2%2Fcategories&post=33629"},{"taxonomy":"post_tag","embeddable":true,"href":"https:\/\/contraluzcucuta.co\/index.php?rest_route=%2Fwp%2Fv2%2Ftags&post=33629"}],"curies":[{"name":"wp","href":"https:\/\/api.w.org\/{rel}","templated":true}]}}