{"id":33620,"date":"2019-01-23T19:11:51","date_gmt":"2019-01-24T00:11:51","guid":{"rendered":"http:\/\/contraluzcucuta.co\/?p=33620"},"modified":"2019-01-23T19:11:51","modified_gmt":"2019-01-24T00:11:51","slug":"panorama-los-ninos-no-quieren-jugar-a-la-guerra","status":"publish","type":"post","link":"https:\/\/contraluzcucuta.co\/?p=33620","title":{"rendered":"PANORAMA. Los ni\u00f1os no quieren jugar a la guerra"},"content":{"rendered":"<p style=\"padding-left: 60px;\"><span style=\"color: #ff6600;\">Dicen que los ni\u00f1os son el futuro, pero no los dejan ser el presente. Son ni\u00f1os que no escogieron seguir los pasos del conflicto armado en Colombia. Al contrario, las garras de la guerra los persigue, no los deja caminar, los hace correr como si fueran combatientes que eligieron la confrontaci\u00f3n, pero ellos solo quieren ser ni\u00f1os.<\/span><\/p>\n<p>Algunos sue\u00f1an con llegar a adultos y cumplir los sue\u00f1os. \u00bfSer\u00e1n m\u00e9dicos, polic\u00edas o profesores? Si tan s\u00f3lo pudieran ser ni\u00f1os, pero el conflicto los embosca como presas de la ferocidad de las balas, de las garras del desplazamiento, de una cadena alimenticia que muchos apetecen desde las grandes ciudades, pero los que la deben afrontar son los que est\u00e1n en los territorios ocupados por los grupos al margen de la ley, territorios abandonados y olvidados por el Estado.<\/p>\n<p>Seg\u00fan registro de la Oficina de la ONU para la Coordinaci\u00f3n de Asuntos Humanitarios (Ochoa), 400 familias se desplazaron de la vereda La Primavera, jurisdicci\u00f3n de San Calixto, debido a enfrentamientos entre el Eln y la fuerza p\u00fablica.<\/p>\n<p>Ni\u00f1os que no pueden correr para llegar a las escuelas de las veredas, deben tener la certeza de que en un paso pueden encontrar la muerte en un camino que pareciera desconocido a sus ojos, aunque sea el mismo que recorren desde el primer d\u00eda de clases, debido a la presencia de minas antipersonal.<\/p>\n<p>En septiembre, la alcald\u00eda de Hacar\u00ed alert\u00f3 a las autoridades regionales sobre la presencia de artefactos explosivos en las v\u00edas terciarias, que los ni\u00f1os utilizan para llegar hasta las escuelas.<\/p>\n<p>En el conflicto armado caminar por la educaci\u00f3n es el camino m\u00e1s extremo que atraviesan los ni\u00f1os, que con l\u00e1piz y papel buscan ganarle a la guerra, aunque no fueron los que decidieron jugar a la guerra, en un juego que desangra al pa\u00eds.<\/p>\n<p>Los ni\u00f1os deben caminar como adultos para escapar del conflicto armado, deben pisar las huellas de quienes los sujetan en un apret\u00f3n las fr\u00e1giles manos para no soltarlos en el camino de la violencia.<\/p>\n<p>Corren con las manos vac\u00edas, sin juguetes, pero con una carga m\u00e1s pesada que la de ser adulto cuando no se ha dejado de ser ni\u00f1o, la carga de la estigmatizaci\u00f3n. Borran las huellas de ni\u00f1os para no ser atrapados, pero quedan rodeados en la misma salida, el desplazamiento.<\/p>\n<p>Despu\u00e9s de correr entre l\u00e1grimas, por no entender qu\u00e9 hicieron para dejar abandonada la casa\u00a0 y sin tener la certeza a d\u00f3nde van a llegar, \u00a0despiertan en complejos deportivos. No est\u00e1n ah\u00ed para jugar, est\u00e1n ah\u00ed para sobrevivir. Sobrevivir en espacios limitados, sin acceso a los servicios b\u00e1sicos. Sobrevivir no es una elecci\u00f3n para los ni\u00f1os.<\/p>\n<p>Aunque jugaban a armar la casa de juguetes con cobijas y palos, el conflicto armado los obliga a vivir bajo una carpa, un refugio, como si hubieran deseado ese camino, como si los ni\u00f1os merecieran crecer en las decisiones del conflicto.<\/p>\n<p>Escapando de las garras del conflicto armado y cargando el peso de la estigmatizaci\u00f3n, los ni\u00f1os sienten la incompetencia de pol\u00edticas p\u00fablicas que los abandona en el miedo de seguir queriendo ser ni\u00f1os en medio de la guerra. Los ni\u00f1os no escogieron la guerra, la guerra no es de los ni\u00f1os, los ni\u00f1os s\u00f3lo quieren ser ni\u00f1os.<\/p>\n<p><strong>ANG\u00c9LICA ROJAS<\/strong><\/p>\n","protected":false},"excerpt":{"rendered":"<p>Dicen que los ni\u00f1os son el futuro, pero no los dejan ser el presente. Son ni\u00f1os que no escogieron seguir los pasos del conflicto armado en Colombia. Al contrario, las garras de la guerra los persigue, no los deja caminar, los hace correr como si fueran combatientes que eligieron la confrontaci\u00f3n, pero ellos solo quieren &hellip;<\/p>\n","protected":false},"author":1,"featured_media":33622,"comment_status":"open","ping_status":"open","sticky":false,"template":"","format":"standard","meta":{"footnotes":""},"categories":[4,36],"tags":[4425],"class_list":["post-33620","post","type-post","status-publish","format-standard","has-post-thumbnail","hentry","category-barra","category-la-voz-del-pueblo","tag-los-ninos-en-la-guerra"],"_links":{"self":[{"href":"https:\/\/contraluzcucuta.co\/index.php?rest_route=\/wp\/v2\/posts\/33620","targetHints":{"allow":["GET"]}}],"collection":[{"href":"https:\/\/contraluzcucuta.co\/index.php?rest_route=\/wp\/v2\/posts"}],"about":[{"href":"https:\/\/contraluzcucuta.co\/index.php?rest_route=\/wp\/v2\/types\/post"}],"author":[{"embeddable":true,"href":"https:\/\/contraluzcucuta.co\/index.php?rest_route=\/wp\/v2\/users\/1"}],"replies":[{"embeddable":true,"href":"https:\/\/contraluzcucuta.co\/index.php?rest_route=%2Fwp%2Fv2%2Fcomments&post=33620"}],"version-history":[{"count":1,"href":"https:\/\/contraluzcucuta.co\/index.php?rest_route=\/wp\/v2\/posts\/33620\/revisions"}],"predecessor-version":[{"id":33623,"href":"https:\/\/contraluzcucuta.co\/index.php?rest_route=\/wp\/v2\/posts\/33620\/revisions\/33623"}],"wp:featuredmedia":[{"embeddable":true,"href":"https:\/\/contraluzcucuta.co\/index.php?rest_route=\/wp\/v2\/media\/33622"}],"wp:attachment":[{"href":"https:\/\/contraluzcucuta.co\/index.php?rest_route=%2Fwp%2Fv2%2Fmedia&parent=33620"}],"wp:term":[{"taxonomy":"category","embeddable":true,"href":"https:\/\/contraluzcucuta.co\/index.php?rest_route=%2Fwp%2Fv2%2Fcategories&post=33620"},{"taxonomy":"post_tag","embeddable":true,"href":"https:\/\/contraluzcucuta.co\/index.php?rest_route=%2Fwp%2Fv2%2Ftags&post=33620"}],"curies":[{"name":"wp","href":"https:\/\/api.w.org\/{rel}","templated":true}]}}