{"id":33614,"date":"2019-01-23T17:12:21","date_gmt":"2019-01-23T22:12:21","guid":{"rendered":"http:\/\/contraluzcucuta.co\/?p=33614"},"modified":"2019-01-23T17:12:21","modified_gmt":"2019-01-23T22:12:21","slug":"crisis-en-venezuela-juan-guaido-el-politico-que-volvio-a-activar-a-la-oposicion","status":"publish","type":"post","link":"https:\/\/contraluzcucuta.co\/?p=33614","title":{"rendered":"CRISIS EN VENEZUELA. Juan Guaid\u00f3, el pol\u00edtico que volvi\u00f3 a activar a la oposici\u00f3n"},"content":{"rendered":"<p style=\"padding-left: 60px;\"><span style=\"color: #ff6600;\"><strong>CARACAS \u2014<\/strong> Un grupo de soldados se sublev\u00f3 contra el gobierno de Venezuela y declar\u00f3 lealtad a la oposici\u00f3n. Diplom\u00e1ticos y funcionarios de otros pa\u00edses recalcan que el gobierno pronto se quedar\u00e1 sin dinero para los servicios m\u00e1s b\u00e1sicos. Y algunos pa\u00edses de la regi\u00f3n han llamado al presidente un dictador ileg\u00edtimo.<\/span><\/p>\n<p>Las condiciones en Venezuela se han deteriorado tanto que la oposici\u00f3n \u2014que hab\u00eda sido diezmada por el encarcelamiento y el exilio de muchos de sus integrantes y estaba desacreditada por otros intentos fallidos para sacar del poder a Nicol\u00e1s Maduro\u2014 cree que esta vez tiene verdaderas posibilidades. Quien encabeza esos esfuerzos es un venezolano de 35 a\u00f1os que era pr\u00e1cticamente un desconocido hasta hace poco: Juan Guaid\u00f3.<\/p>\n<p>Su debut como l\u00edder de oposici\u00f3n a principios de enero, cuando asumi\u00f3 la presidencia de la Asamblea Nacional, ha captado la atenci\u00f3n tanto dentro como fuera del pa\u00eds, particularmente por su declaraci\u00f3n de que Maduro es un \u201cusurpador\u201d y de que \u00e9l est\u00e1 dispuesto a llevar la bandera de un gobierno de transici\u00f3n.<\/p>\n<p>\u201cLa relaci\u00f3n del venezolano hoy con el Estado es de terror\u201d, dijo Guaid\u00f3 en entrevista. \u201cCuando eso pasa, las voces y luces del mundo, esos mensajes, son incluso aliento para la lucha diaria y el resistir y so\u00f1ar con democracia, con un mejor pa\u00eds\u201d.<\/p>\n<p>\u201cLe ha dado nuevos br\u00edos a la oposici\u00f3n\u201d, dijo David Smilde, analista de la Oficina en Washington para Asuntos Latinoamericanos, grupo de investigaci\u00f3n y defensa de los derechos humanos. \u201cLa oposici\u00f3n finalmente tiene un nuevo rostro que es valiente, con ideas refrescantes y habilidades de liderazgo que ha ayudado a revivirla\u201d.<\/p>\n<p>Algunos integrantes de las fuerzas armadas respondieron a Guaid\u00f3 con un breve acto de resistencia en una base militar en Caracas, que result\u00f3 en protestas callejeras despu\u00e9s de la detenci\u00f3n de los soldados involucrados.<\/p>\n<p>Maduro ha desestimado a la oposici\u00f3n al calificarlos de ni\u00f1os, peones del gobierno estadounidense de Donald Trump. Iris Varela, pol\u00edtica del gobernante Partido Socialista Unido de Venezuela (PSUV) y ministra a cargo de servicios penitenciarios, dijo en Twitter: \u201cGuaid\u00f3, ya te acomod\u00e9 la celda, con tu respectivo uniforme. Espero que nombres r\u00e1pidamente a tu gabinete para saber qui\u00e9nes te van a acompa\u00f1ar\u201d.<\/p>\n<p>El desaf\u00edo de Guaid\u00f3 sucede en momentos en que la presidencia de Maduro enfrenta sus mayores problemas de legitimidad. Maduro fue juramentado el 10 de enero para un segundo mandato de seis a\u00f1os despu\u00e9s de una elecci\u00f3n muy cuestionada que no fue reconocida por varios pa\u00edses.<\/p>\n<p>El gobierno de Maduro, cuyos integrantes tambi\u00e9n enfrentan sanciones econ\u00f3micas de naciones como Estados Unidos, ahora est\u00e1 geogr\u00e1ficamente rodeado por dos l\u00edderes de derecha, en Colombia y en Brasil. A nivel dom\u00e9stico, la hiperinflaci\u00f3n llev\u00f3 al presidente a intentar hacer cambios al bol\u00edvar, que ha ido perdiendo valor. M\u00e1s de tres millones de venezolanos han emigrado del pa\u00eds por la escasez de alimentos y de medicinas.<\/p>\n<p>Sin embargo, aunque Maduro se enfrenta a la impopularidad por la crisis, la oposici\u00f3n igualmente ha estado en peligro.<\/p>\n<p>Desde 2017, la Asamblea Nacional ha quedado desbancada por un nuevo cuerpo legislativo creado durante la gesti\u00f3n de Maduro y compuesto por simpatizantes suyos. El a\u00f1o pasado la oposici\u00f3n estaba tan dividida sobre c\u00f3mo lidiar con Maduro que dos de los partidos de la uni\u00f3n rompieron con el boicot a las elecciones que promov\u00edan los dem\u00e1s.<\/p>\n<p>\u201cLa gente est\u00e1 frustrada con la oposici\u00f3n y cansada de las mismas caras de pol\u00edticos de la vieja guardia que han fracasado\u201d, dijo Margarita L\u00f3pez Maya, polit\u00f3loga que daba clases en la Universidad Central de Venezuela y ahora est\u00e1 jubilada.<\/p>\n<p>Muchos creen que el ascenso de Guaid\u00f3 ser\u00e1 la \u00faltima y mejor oportunidad para que la disidencia pol\u00edtica reviva.<\/p>\n<p>\u201cTrabaja duro, es humilde y puede unirnos\u201d, dijo Lilian Tintori, activista cuyo esposo, Leopoldo L\u00f3pez, es el prisionero pol\u00edtico de m\u00e1s alto perfil de Venezuela, adem\u00e1s de mentor de Guaid\u00f3. \u201cPero el riesgo es enorme. Puede que a Juan le hagan lo mismo que le hicieron a Leopoldo, meterlo a prisi\u00f3n\u201d.<\/p>\n<p>Guaid\u00f3 fue retenido temporalmente por integrantes encapuchados del Servicio Bolivariano de Inteligencia Nacional, el 13 de enero, dos d\u00edas despu\u00e9s de anunciar su intenci\u00f3n de retirar a Maduro del poder. Hay reportes sobre c\u00f3mo fue el arresto: el gobierno dijo que sucedi\u00f3 a manos de agentes rebeldes que fueron disciplinados, mientras que Guaid\u00f3 asegura que los agentes lo soltaron porque simpatizan con la oposici\u00f3n.<\/p>\n<p>Varios funcionarios de otros pa\u00edses, particularmente los de Estados Unidos (que quiere que haya un gobierno de transici\u00f3n en Venezuela), dicen que ven en Guaid\u00f3 a un l\u00edder refrescante de or\u00edgenes humildes que contrasta con otros l\u00edderes de la oposici\u00f3n en el pasado, a los que Maduro descalific\u00f3 al llamarlos oligarcas o extremistas de ultraderecha.<\/p>\n<p>Aunque Estados Unidos no ha reconocido formalmente a Guaid\u00f3 como l\u00edder, funcionarios estadounidenses de alto rango han denunciado a Maduro y han dejado claro que respaldan los esfuerzos del opositor para que haya un gobierno de transici\u00f3n. El a\u00f1o pasado, oficiales del gobierno de Trump se reunieron en secreto con integrantes de las fuerzas armadas que aparentemente planeaban un posible golpe de Estado.<\/p>\n<p>El vicepresidente estadounidense Mike Pence se dirigi\u00f3 directamente a los venezolanos en un video publicado el 22 de enero en Twitter en el que dice que Maduro es \u201cun dictador sin derecho leg\u00edtimo al poder\u201d y asegura que los estadounidenses: \u201c\u00a1Estamos con ustedes! Los apoyamos y los seguiremos apoyando hasta que la democracia en Venezuela sea restaurada\u201d.<\/p>\n<p>De cara a la fecha programada para las protestas, los l\u00edderes de oposici\u00f3n dijeron sentirse esperanzados por las multitudes que ya han acudido a los m\u00edtines y cabildos, as\u00ed como algunas manifestaciones callejeras durante esta semana. Creen que puede haber un punto de inflexi\u00f3n si hay deserciones de alto nivel entre los militares que han ayudado a Maduro a mantenerse en el poder.<\/p>\n<p>Sin embargo, tambi\u00e9n es posible que haya m\u00e1s represi\u00f3n a las protestas y una oleada de arrestos de pol\u00edticos, incluido Guaid\u00f3.<\/p>\n<p>Tambi\u00e9n es muy posible que los venezolanos, muchos de los cuales est\u00e1n descontentos con la oposici\u00f3n o temen a la represi\u00f3n violenta del gobierno, no respondan a la convocatoria de Guaid\u00f3 de manera masiva.<\/p>\n<p>El venezolano \u2014alto, delgado, propenso a bailar en p\u00fablico y a llamar la atenci\u00f3n cuando da discursos\u2014 se involucr\u00f3 en la pol\u00edtica cuando era estudiante en Caracas. Ah\u00ed encabez\u00f3 protestas en contra del entonces presidente Hugo Ch\u00e1vez despu\u00e9s de que \u00e9l buscara cerrar la televisora de mayor antig\u00fcedad del pa\u00eds como parte de un esfuerzo para acallar a la prensa.<\/p>\n<p>Despu\u00e9s de la universidad, donde estudi\u00f3 ingenier\u00eda, a Guaid\u00f3 le ofrecieron un trabajo en el sector privado para el cual se habr\u00eda tenido que mudar a M\u00e9xico, seg\u00fan un amigo suyo, Juan Carlos Michinel. No acept\u00f3 el puesto.<\/p>\n<p>\u201cQuer\u00edamos empezar aqu\u00ed el cambio\u201d, dijo Michinel. \u201cDecidimos quedarnos en Venezuela\u201d.<\/p>\n<p>Voluntad Popular, el partido de Guaid\u00f3, es de las fuerzas de la coalici\u00f3n opositora m\u00e1s insistentes en protestar contra Maduro en las calles. Leopoldo L\u00f3pez, el pol\u00edtico en prisi\u00f3n domiciliaria y mentor de Guaid\u00f3, fue condenado a m\u00e1s de 13 a\u00f1os de c\u00e1rcel por encabezar las manifestaciones antigubernamentales de 2014.<\/p>\n<p>Es posible que el surgimiento de Guaid\u00f3 como la cara de la oposici\u00f3n resulte en una postura de mayor confrontaci\u00f3n contra el gobierno para la cual ser\u00e1 m\u00e1s necesario que nunca conseguir aliados entre las fuerzas armadas, dijo Tintori.<\/p>\n<p>\u201cNo tenemos armas, as\u00ed que necesitamos al ej\u00e9rcito\u201d, coment\u00f3.<\/p>\n<p>Norka del Valle M\u00e1rquez, madre de Guaid\u00f3, indic\u00f3 tras ser contactada despu\u00e9s de la retenci\u00f3n de su hijo que se siente nerviosa respecto a lo que podr\u00eda sucederle a \u00e9l y a sus colegas por incursionar en pol\u00edtica.<\/p>\n<p>\u201c\u00bfMe preguntas que si tengo miedo? Claro\u201d, dijo. Pero a\u00f1adi\u00f3 que Guaid\u00f3 ha trabajado mucho para llegar a este momento.<\/p>\n<p>\u201cHan sido a\u00f1os de lucha\u201d, asegur\u00f3. \u201cNunca ha querido dejar el pa\u00eds. Est\u00e1 arraigado a su tierra\u201d.<\/p>\n<p>&nbsp;<\/p>\n<p><strong>ANA VANESSA HERRERO y NICHOLAS CASEY<\/strong><\/p>\n<p>&nbsp;<\/p>\n","protected":false},"excerpt":{"rendered":"<p>CARACAS \u2014 Un grupo de soldados se sublev\u00f3 contra el gobierno de Venezuela y declar\u00f3 lealtad a la oposici\u00f3n. Diplom\u00e1ticos y funcionarios de otros pa\u00edses recalcan que el gobierno pronto se quedar\u00e1 sin dinero para los servicios m\u00e1s b\u00e1sicos. Y algunos pa\u00edses de la regi\u00f3n han llamado al presidente un dictador ileg\u00edtimo. Las condiciones en &hellip;<\/p>\n","protected":false},"author":1,"featured_media":33615,"comment_status":"open","ping_status":"open","sticky":false,"template":"","format":"standard","meta":{"footnotes":""},"categories":[1326,45,4],"tags":[1164,4424],"class_list":["post-33614","post","type-post","status-publish","format-standard","has-post-thumbnail","hentry","category-crisis-en-venezuela-2","category-destacado","category-barra","tag-crisis-en-venezuela","tag-juan-guaido"],"_links":{"self":[{"href":"https:\/\/contraluzcucuta.co\/index.php?rest_route=\/wp\/v2\/posts\/33614","targetHints":{"allow":["GET"]}}],"collection":[{"href":"https:\/\/contraluzcucuta.co\/index.php?rest_route=\/wp\/v2\/posts"}],"about":[{"href":"https:\/\/contraluzcucuta.co\/index.php?rest_route=\/wp\/v2\/types\/post"}],"author":[{"embeddable":true,"href":"https:\/\/contraluzcucuta.co\/index.php?rest_route=\/wp\/v2\/users\/1"}],"replies":[{"embeddable":true,"href":"https:\/\/contraluzcucuta.co\/index.php?rest_route=%2Fwp%2Fv2%2Fcomments&post=33614"}],"version-history":[{"count":1,"href":"https:\/\/contraluzcucuta.co\/index.php?rest_route=\/wp\/v2\/posts\/33614\/revisions"}],"predecessor-version":[{"id":33616,"href":"https:\/\/contraluzcucuta.co\/index.php?rest_route=\/wp\/v2\/posts\/33614\/revisions\/33616"}],"wp:featuredmedia":[{"embeddable":true,"href":"https:\/\/contraluzcucuta.co\/index.php?rest_route=\/wp\/v2\/media\/33615"}],"wp:attachment":[{"href":"https:\/\/contraluzcucuta.co\/index.php?rest_route=%2Fwp%2Fv2%2Fmedia&parent=33614"}],"wp:term":[{"taxonomy":"category","embeddable":true,"href":"https:\/\/contraluzcucuta.co\/index.php?rest_route=%2Fwp%2Fv2%2Fcategories&post=33614"},{"taxonomy":"post_tag","embeddable":true,"href":"https:\/\/contraluzcucuta.co\/index.php?rest_route=%2Fwp%2Fv2%2Ftags&post=33614"}],"curies":[{"name":"wp","href":"https:\/\/api.w.org\/{rel}","templated":true}]}}