{"id":33610,"date":"2019-01-22T11:05:22","date_gmt":"2019-01-22T16:05:22","guid":{"rendered":"http:\/\/contraluzcucuta.co\/?p=33610"},"modified":"2019-01-22T11:05:22","modified_gmt":"2019-01-22T16:05:22","slug":"el-catatumbo-de-la-mano-con-la-seguridad-llega-la-inversion-social-del-estado-a-la-region-duque","status":"publish","type":"post","link":"https:\/\/contraluzcucuta.co\/?p=33610","title":{"rendered":"EL CATATUMBO. De la mano con la seguridad llega la inversi\u00f3n social del Estado a la regi\u00f3n: Duque"},"content":{"rendered":"<p style=\"padding-left: 60px;\"><span style=\"color: #ff6600;\"><strong>EL CATATUMBO \u2013 Norte de Santander.-<\/strong> Luego de un en\u00e9rgico saludo a las tropas y a la Polic\u00eda, en el que los alent\u00f3 a mantener viva la pasi\u00f3n por la regi\u00f3n de El Catatumbo, el presidente Iv\u00e1n Duque anunci\u00f3 una serie de inversiones de tipo social para beneficiar a las comunidades afectadas por la violencia, de tiempo atr\u00e1s.<\/span><\/p>\n<p>\u201cDe la mano con la seguridad llega la inversi\u00f3n social del Estado\u201d a la regi\u00f3n, afirm\u00f3 el jefe de Estado al t\u00e9rmino del Consejo de Seguridad en Tib\u00fa (Norte de Santander). En la reuni\u00f3n se definieron avances en el control territorial contra los violentos y el fortalecimiento de la Red de Participaci\u00f3n C\u00edvica.<\/p>\n<p>Esta es la tercera visita a El Catatumbo y la cuarta a Norte de Santander en cinco meses de gobierno. Entre los anuncios destaca:<\/p>\n<p><strong>1.- Vivienda<\/strong>. Ha comprometido recursos para 2400 mejoramientos en los municipios de El Catatumbo. En el proyecto trabajar\u00e1n de la mano el Departamento para la Prosperidad Social y el Ministerio de Agricultura.<\/p>\n<p><strong>2.- Energ\u00eda<\/strong>. Para enfrentar el problema hist\u00f3rico de falta de cobertura en energ\u00eda, en los cuatro a\u00f1os de mandato espera llevar este servicio a 8400 familias de la regi\u00f3n, con recursos del presupuesto nacional.<\/p>\n<p><strong>3.- V\u00edas terciarias<\/strong>. Anunci\u00f3 la destinaci\u00f3n de $ 10.000 millones y el trabajo con los alcaldes de la regi\u00f3n, en adici\u00f3n a avanzar en la consecuci\u00f3n de m\u00e1s recursos para el tramo Tib\u00fa-La Gabarra\u201d.<\/p>\n<p><strong>4.- Acueducto<\/strong>. Por medio del Ministerio de Vivienda, el Gobierno trabajar\u00e1 en la viabilizaci\u00f3n de 17 proyectos, en el 2019.<\/p>\n<p>Duque destac\u00f3 el trabajo que desde la Alta Consejer\u00eda para el posconflicto se efect\u00faa para llevar inversi\u00f3n social a la regi\u00f3n, por medio de los Planes de Desarrollo con Enfoque Territorial (PDET), los cuales han sido construidos de la mano con las comunidades<\/p>\n<p><strong>Fortalecimiento de la Fuerza P\u00fablica<\/strong><\/p>\n<p>En seguridad, el presidente Duque dijo que el compromiso es fortalecer la Fuerza P\u00fablica para enfrentar a los grupos armados ilegales, Eln, Los Pelusos, Los Rastrojos y los Grupos Armados Organizados Residuales.<\/p>\n<p>\u201cEl mensaje es claro: en la regi\u00f3n de El Catatumbo, vamos a seguir fortaleciendo cada vez m\u00e1s las acciones de la Fuerza P\u00fablica para que este territorio deje de ser inclementemente perseguido por esos brazos asesinos de la criminalidad organizada, como el Eln\u201d.<\/p>\n<p>Dijo que la Fuerza P\u00fablica est\u00e1 m\u00e1s unida y m\u00e1s cohesionada que nunca y va a trabajar de la mano con el brazo social. \u201cVamos a erradicar con la fuerza de la ley, con el apego a los derechos humanos, todas las amenazas que han venido golpeando a esta regi\u00f3n\u201d.<\/p>\n<p>Al evaluar el trabajo de la Fuerza de Tarea Vulcano, de la Segunda Divisi\u00f3n del Ej\u00e9rcito y de la Fuerza de Despliegue R\u00e1pido 3, se hallaron avances en el control territorial.<\/p>\n<p>\u201cSe ha avanzado mucho en el control territorial y se ha avanzado mucho en seguir ejerciendo ese control, con la participaci\u00f3n de la ciudadan\u00eda, en estricto compromiso con la defensa de los intereses del pa\u00eds\u201d. El trabajo de fortalecimiento de la Red de Participaci\u00f3n C\u00edvica ha derivado en que ha crecido el 300 por ciento en seis meses.<\/p>\n<p>El jefe de Estado se comprometi\u00f3 a visitar de manera continua El Catatumbo, con el fin de evaluar los resultados de la Fuerza P\u00fablica y para llevar tranquilidad a los pobladores.<\/p>\n","protected":false},"excerpt":{"rendered":"<p>EL CATATUMBO \u2013 Norte de Santander.- Luego de un en\u00e9rgico saludo a las tropas y a la Polic\u00eda, en el que los alent\u00f3 a mantener viva la pasi\u00f3n por la regi\u00f3n de El Catatumbo, el presidente Iv\u00e1n Duque anunci\u00f3 una serie de inversiones de tipo social para beneficiar a las comunidades afectadas por la violencia, &hellip;<\/p>\n","protected":false},"author":1,"featured_media":33611,"comment_status":"open","ping_status":"open","sticky":false,"template":"","format":"standard","meta":{"footnotes":""},"categories":[4,32],"tags":[246,4339,2048],"class_list":["post-33610","post","type-post","status-publish","format-standard","has-post-thumbnail","hentry","category-barra","category-recorrido-por-la-region","tag-el-catatumbo","tag-presidente-ivan-duque","tag-visita-presidencial"],"_links":{"self":[{"href":"https:\/\/contraluzcucuta.co\/index.php?rest_route=\/wp\/v2\/posts\/33610","targetHints":{"allow":["GET"]}}],"collection":[{"href":"https:\/\/contraluzcucuta.co\/index.php?rest_route=\/wp\/v2\/posts"}],"about":[{"href":"https:\/\/contraluzcucuta.co\/index.php?rest_route=\/wp\/v2\/types\/post"}],"author":[{"embeddable":true,"href":"https:\/\/contraluzcucuta.co\/index.php?rest_route=\/wp\/v2\/users\/1"}],"replies":[{"embeddable":true,"href":"https:\/\/contraluzcucuta.co\/index.php?rest_route=%2Fwp%2Fv2%2Fcomments&post=33610"}],"version-history":[{"count":1,"href":"https:\/\/contraluzcucuta.co\/index.php?rest_route=\/wp\/v2\/posts\/33610\/revisions"}],"predecessor-version":[{"id":33612,"href":"https:\/\/contraluzcucuta.co\/index.php?rest_route=\/wp\/v2\/posts\/33610\/revisions\/33612"}],"wp:featuredmedia":[{"embeddable":true,"href":"https:\/\/contraluzcucuta.co\/index.php?rest_route=\/wp\/v2\/media\/33611"}],"wp:attachment":[{"href":"https:\/\/contraluzcucuta.co\/index.php?rest_route=%2Fwp%2Fv2%2Fmedia&parent=33610"}],"wp:term":[{"taxonomy":"category","embeddable":true,"href":"https:\/\/contraluzcucuta.co\/index.php?rest_route=%2Fwp%2Fv2%2Fcategories&post=33610"},{"taxonomy":"post_tag","embeddable":true,"href":"https:\/\/contraluzcucuta.co\/index.php?rest_route=%2Fwp%2Fv2%2Ftags&post=33610"}],"curies":[{"name":"wp","href":"https:\/\/api.w.org\/{rel}","templated":true}]}}