{"id":33603,"date":"2019-01-22T09:54:14","date_gmt":"2019-01-22T14:54:14","guid":{"rendered":"http:\/\/contraluzcucuta.co\/?p=33603"},"modified":"2019-01-22T09:55:37","modified_gmt":"2019-01-22T14:55:37","slug":"plan-nacional-de-desarrollo-norte-de-santander-tendra-207-billones-para-el-periodo-2018-2022","status":"publish","type":"post","link":"https:\/\/contraluzcucuta.co\/?p=33603","title":{"rendered":"PLAN NACIONAL DE DESARROLLO. Norte de Santander tendr\u00e1 $ 20,7 billones para el periodo 2018 \u2013 2022"},"content":{"rendered":"<p style=\"padding-left: 60px;\"><span style=\"color: #ff6600;\"><strong>C\u00daCUTA.-<\/strong> La inversi\u00f3n para Norte de Santander, en el peiodo 2018 \u2013 2022, ser\u00e1 de $ 20,7 billones. La cifra marca el aumento del 30 por ciento con respecto al presupuesto del periodo anterior. Del total, ser\u00e1n destinados $ 14 billones para el componente Equidad, cuyo fin es garantizar la cobertura y la eficiencia en la prestaci\u00f3n de los servicios hacia los nortesantandereanos.<\/span><\/p>\n<p>La noticia se dio a conocer en la audiencia p\u00fablica del Plan Nacional de Desarrollo y el Plan Plurianual de Inversiones, liderada por el Departamento Nacional de Planeaci\u00f3n. En la reuni\u00f3n se conocieron las apuestas sociales y econ\u00f3micas del gobierno del presidente Iv\u00e1n Duque para Norte de Santander, con el eslogan \u2018Pacto por Colombia, Pacto por la Equidad\u2019.<\/p>\n<p>El gobernador William Villamizar expuso ante la directora del DNP, Gloria Alonso, las necesidades apremiantes de la regi\u00f3n, en busca de la productividad de los habitantes.<\/p>\n<p>\u201cPara el \u00e9xito de los programas se van a emplear los (siguientes) pilares del emprendimiento y la legalidad\u201d, dijo Gloria Alonso, directora del DNP:<\/p>\n<p>1.- Generaci\u00f3n de oportunidades de acceso a los mercados de trabajo, creaci\u00f3n de empresas y desarrollo de la ruralidad y del sector agropecuario.<\/p>\n<p>2.- Reforzar\u00e1\u00a0 la presencia del Estado en el territorio para acabar con los cultivos il\u00edcitos, la ilegalidad y las bandas criminales.<\/p>\n<p>Para el Catatumbo, el Plan Nacional de Desarrollo le apuntar\u00e1 a la inversi\u00f3n en v\u00edas para que haya movilidad y productividad de los bienes de esta zona, y apoyar\u00e1 a las escuelas en la formaci\u00f3n de los j\u00f3venes.<\/p>\n<p>\u201cResaltamos el trabajo realizado. Logramos visibilizar algunas de las inquietudes que ten\u00edamos a nivel global para nuestra regi\u00f3n\u201d, dijo Julio C\u00e9sar Silva, secretario de Planeaci\u00f3n de Norte de Santander.<\/p>\n<p>En la cita se manifestaron otras necesidades de gremios y miembros del Consejo Territorial de Planeaci\u00f3n, para que sean tenidas en cuenta por el Gobierno, sobre migraci\u00f3n e infraestructura vial.<\/p>\n","protected":false},"excerpt":{"rendered":"<p>C\u00daCUTA.- La inversi\u00f3n para Norte de Santander, en el peiodo 2018 \u2013 2022, ser\u00e1 de $ 20,7 billones. La cifra marca el aumento del 30 por ciento con respecto al presupuesto del periodo anterior. Del total, ser\u00e1n destinados $ 14 billones para el componente Equidad, cuyo fin es garantizar la cobertura y la eficiencia en &hellip;<\/p>\n","protected":false},"author":1,"featured_media":33605,"comment_status":"open","ping_status":"open","sticky":false,"template":"","format":"standard","meta":{"footnotes":""},"categories":[4,6],"tags":[1735,2800,1762],"class_list":["post-33603","post","type-post","status-publish","format-standard","has-post-thumbnail","hentry","category-barra","category-ojo-avizor","tag-dnp","tag-gobernador-william-villamizar","tag-plan-nacional-de-desarrollo"],"_links":{"self":[{"href":"https:\/\/contraluzcucuta.co\/index.php?rest_route=\/wp\/v2\/posts\/33603","targetHints":{"allow":["GET"]}}],"collection":[{"href":"https:\/\/contraluzcucuta.co\/index.php?rest_route=\/wp\/v2\/posts"}],"about":[{"href":"https:\/\/contraluzcucuta.co\/index.php?rest_route=\/wp\/v2\/types\/post"}],"author":[{"embeddable":true,"href":"https:\/\/contraluzcucuta.co\/index.php?rest_route=\/wp\/v2\/users\/1"}],"replies":[{"embeddable":true,"href":"https:\/\/contraluzcucuta.co\/index.php?rest_route=%2Fwp%2Fv2%2Fcomments&post=33603"}],"version-history":[{"count":2,"href":"https:\/\/contraluzcucuta.co\/index.php?rest_route=\/wp\/v2\/posts\/33603\/revisions"}],"predecessor-version":[{"id":33606,"href":"https:\/\/contraluzcucuta.co\/index.php?rest_route=\/wp\/v2\/posts\/33603\/revisions\/33606"}],"wp:featuredmedia":[{"embeddable":true,"href":"https:\/\/contraluzcucuta.co\/index.php?rest_route=\/wp\/v2\/media\/33605"}],"wp:attachment":[{"href":"https:\/\/contraluzcucuta.co\/index.php?rest_route=%2Fwp%2Fv2%2Fmedia&parent=33603"}],"wp:term":[{"taxonomy":"category","embeddable":true,"href":"https:\/\/contraluzcucuta.co\/index.php?rest_route=%2Fwp%2Fv2%2Fcategories&post=33603"},{"taxonomy":"post_tag","embeddable":true,"href":"https:\/\/contraluzcucuta.co\/index.php?rest_route=%2Fwp%2Fv2%2Ftags&post=33603"}],"curies":[{"name":"wp","href":"https:\/\/api.w.org\/{rel}","templated":true}]}}