{"id":33598,"date":"2019-01-22T09:31:47","date_gmt":"2019-01-22T14:31:47","guid":{"rendered":"http:\/\/contraluzcucuta.co\/?p=33598"},"modified":"2019-01-22T09:32:17","modified_gmt":"2019-01-22T14:32:17","slug":"asamblea-de-norte-de-santander-seis-proyectos-de-ordenanza-seran-estudiados-en-10-dias-de-sesiones-extras","status":"publish","type":"post","link":"https:\/\/contraluzcucuta.co\/?p=33598","title":{"rendered":"ASAMBLEA DE NORTE DE SANTANDER. Seis proyectos de ordenanza ser\u00e1n estudiados en 10 d\u00edas de sesiones extras"},"content":{"rendered":"<p style=\"padding-left: 60px;\"><span style=\"color: #ff6600;\"><strong>C\u00daCUTA.-<\/strong> La Asamblea de Norte de Santander, en acato al Decreto 45 de la Gobernaci\u00f3n del Norte de Santander,\u00a0 inici\u00f3 el primer ciclo de sesiones extraordinarias del 2019.<\/span><\/p>\n<p>Los diputados trabajar\u00e1n 10 d\u00edas para sacar adelante las siguientes iniciativas presentadas por el gobierno departamental:<\/p>\n<p>1.- Dos proyectos de ordenanza referentes a la cesi\u00f3n de bienes inmuebles a t\u00edtulo gratuito, ocupados ilegalmente con viviendas de inter\u00e9s social en Tib\u00fa y Oca\u00f1a<\/p>\n<p>2.- Un proyecto de ordenanza para modificar la Ordenanza 010 de 2018, por medio de la cual se expidi\u00f3 el Estatuto Tributario del Departamento.<\/p>\n<p>3.- Proyecto de ordenanza mediante el cual se autoriza la adquisici\u00f3n a t\u00edtulo de donaci\u00f3n de un predio para el funcionamiento de la radiodifusora sonora de inter\u00e9s p\u00fablico del departamento Norte Stereo FM 91,2 MHZ.<\/p>\n<p>4.- Proyecto de ordenanza para elaborar la reglamentaci\u00f3n interna de la Asamblea<\/p>\n<p>5.- Proyecto ordenanza para que mediante resoluci\u00f3n interna el Contralor General del Departamento efect\u00fae modificaciones al presupuesto de ingresos y gastos a la vigencia fiscal del 2019.<\/p>\n<p>La instalaci\u00f3n de sesiones se llev\u00f3 a cabo en el sal\u00f3n de plenarias.<\/p>\n","protected":false},"excerpt":{"rendered":"<p>C\u00daCUTA.- La Asamblea de Norte de Santander, en acato al Decreto 45 de la Gobernaci\u00f3n del Norte de Santander,\u00a0 inici\u00f3 el primer ciclo de sesiones extraordinarias del 2019. Los diputados trabajar\u00e1n 10 d\u00edas para sacar adelante las siguientes iniciativas presentadas por el gobierno departamental: 1.- Dos proyectos de ordenanza referentes a la cesi\u00f3n de bienes &hellip;<\/p>\n","protected":false},"author":1,"featured_media":33599,"comment_status":"open","ping_status":"open","sticky":false,"template":"","format":"standard","meta":{"footnotes":""},"categories":[9],"tags":[688],"class_list":["post-33598","post","type-post","status-publish","format-standard","has-post-thumbnail","hentry","category-politica","tag-asamblea-de-norte-de-santander"],"_links":{"self":[{"href":"https:\/\/contraluzcucuta.co\/index.php?rest_route=\/wp\/v2\/posts\/33598","targetHints":{"allow":["GET"]}}],"collection":[{"href":"https:\/\/contraluzcucuta.co\/index.php?rest_route=\/wp\/v2\/posts"}],"about":[{"href":"https:\/\/contraluzcucuta.co\/index.php?rest_route=\/wp\/v2\/types\/post"}],"author":[{"embeddable":true,"href":"https:\/\/contraluzcucuta.co\/index.php?rest_route=\/wp\/v2\/users\/1"}],"replies":[{"embeddable":true,"href":"https:\/\/contraluzcucuta.co\/index.php?rest_route=%2Fwp%2Fv2%2Fcomments&post=33598"}],"version-history":[{"count":2,"href":"https:\/\/contraluzcucuta.co\/index.php?rest_route=\/wp\/v2\/posts\/33598\/revisions"}],"predecessor-version":[{"id":33602,"href":"https:\/\/contraluzcucuta.co\/index.php?rest_route=\/wp\/v2\/posts\/33598\/revisions\/33602"}],"wp:featuredmedia":[{"embeddable":true,"href":"https:\/\/contraluzcucuta.co\/index.php?rest_route=\/wp\/v2\/media\/33599"}],"wp:attachment":[{"href":"https:\/\/contraluzcucuta.co\/index.php?rest_route=%2Fwp%2Fv2%2Fmedia&parent=33598"}],"wp:term":[{"taxonomy":"category","embeddable":true,"href":"https:\/\/contraluzcucuta.co\/index.php?rest_route=%2Fwp%2Fv2%2Fcategories&post=33598"},{"taxonomy":"post_tag","embeddable":true,"href":"https:\/\/contraluzcucuta.co\/index.php?rest_route=%2Fwp%2Fv2%2Ftags&post=33598"}],"curies":[{"name":"wp","href":"https:\/\/api.w.org\/{rel}","templated":true}]}}