{"id":33591,"date":"2019-01-21T16:52:48","date_gmt":"2019-01-21T21:52:48","guid":{"rendered":"http:\/\/contraluzcucuta.co\/?p=33591"},"modified":"2019-01-21T16:54:13","modified_gmt":"2019-01-21T21:54:13","slug":"de-regreso-a-clase-policia-garantiza-seguridad-en-planteles-educativos","status":"publish","type":"post","link":"https:\/\/contraluzcucuta.co\/?p=33591","title":{"rendered":"DE REGRESO A CLASE. Polic\u00eda garantiza seguridad en planteles educativos"},"content":{"rendered":"<p style=\"padding-left: 60px;\"><span style=\"color: #ff6600;\"><strong>C\u00daCUTA.-<\/strong> La Polic\u00eda de Norte de Santander adelanta la campa\u00f1a \u2018De regreso a clase\u2019 con el fin de garantizar la protecci\u00f3n de ni\u00f1os y adolescentes en los entornos escolares del departamento. Se conformaron dispositivos especiales de recibimiento a los estudiantes manifest\u00e1ndoles respaldo y la presencia permanente en los centros educativos.<\/span><\/p>\n<p>Para la ejecuci\u00f3n de la actividad se trazaron tres l\u00edneas estrat\u00e9gicas:<\/p>\n<p>1.- Efectivos de la Seccional de Tr\u00e1nsito y Transportes del Departamento.<\/p>\n<p>&#8211; Control y verificaci\u00f3n de documentos<\/p>\n<p>&#8211; Revisi\u00f3n t\u00e9cnico mec\u00e1nica a los veh\u00edculos de transporte escolar<\/p>\n<p>&#8211; Estado an\u00edmico de los conductores y prueba de alcoholemia.<\/p>\n<p>2.- Polic\u00eda de Infancia y Adolescencia<\/p>\n<p>&#8211; Actividades l\u00fadico-recreativas de recibimiento a los estudiantes en el ingreso a la instituci\u00f3n Nuestra Se\u00f1ora de las Mercedes (Sardinata)<\/p>\n<p>&#8211; Mensaje de prevenci\u00f3n y seguridad.<\/p>\n<p>3.- Grupo de Prevenci\u00f3n y Educaci\u00f3n Ciudadana.<\/p>\n<p>&#8211; Toman de las aulas de clase para ofrecer charlas contra la violencia escolar (matonismo)<\/p>\n<p>&#8211; Difusi\u00f3n del programa Dare para prevenir el consumo de sustancias psicoactivas, alcohol y deserci\u00f3n escolar.<\/p>\n<p>Los planes preventivos son prioridad del comando del Departamento y se har\u00e1n de manera permanente durante el a\u00f1o. \u201cAcompa\u00f1aremos el proceso formativo de nuestros ni\u00f1os y adolescentes\u201d, afirm\u00f3 el coronel George Quintero, comandante del Departamento de Polic\u00eda Norte de Santander.<\/p>\n<p>El oficial asegur\u00f3 que el trabajo se llevar\u00e1 a cabo para garantizar la seguridad en los entornos de los centros educativos y en la corresponsabilidad con las instituciones y padres de familia que permitan formar ciudadanos ejemplares.<\/p>\n<p>Las patrullas de los cuadrantes atender\u00e1n de manera oportuna los hechos que se susciten en inmediaciones de los planteles, en especial en el ingreso y el retorno de los estudiantes a casa.<\/p>\n<p>La Polic\u00eda actuar\u00e1 en el cumplimiento del respeto de los derechos humanos y las normas, para contrarrestar y prevenir situaciones de violencia escolar entre estudiantes, consumo o venta de estupefacientes, ri\u00f1as en los planteles educativos y en los entornos de los colegios.<\/p>\n","protected":false},"excerpt":{"rendered":"<p>C\u00daCUTA.- La Polic\u00eda de Norte de Santander adelanta la campa\u00f1a \u2018De regreso a clase\u2019 con el fin de garantizar la protecci\u00f3n de ni\u00f1os y adolescentes en los entornos escolares del departamento. Se conformaron dispositivos especiales de recibimiento a los estudiantes manifest\u00e1ndoles respaldo y la presencia permanente en los centros educativos. Para la ejecuci\u00f3n de la &hellip;<\/p>\n","protected":false},"author":1,"featured_media":33592,"comment_status":"open","ping_status":"open","sticky":false,"template":"","format":"standard","meta":{"footnotes":""},"categories":[11,4],"tags":[3623,3070,3464],"class_list":["post-33591","post","type-post","status-publish","format-standard","has-post-thumbnail","hentry","category-cronica-roja","category-barra","tag-coronel-george-quintero","tag-denor-coest","tag-regreso-a-clase"],"_links":{"self":[{"href":"https:\/\/contraluzcucuta.co\/index.php?rest_route=\/wp\/v2\/posts\/33591","targetHints":{"allow":["GET"]}}],"collection":[{"href":"https:\/\/contraluzcucuta.co\/index.php?rest_route=\/wp\/v2\/posts"}],"about":[{"href":"https:\/\/contraluzcucuta.co\/index.php?rest_route=\/wp\/v2\/types\/post"}],"author":[{"embeddable":true,"href":"https:\/\/contraluzcucuta.co\/index.php?rest_route=\/wp\/v2\/users\/1"}],"replies":[{"embeddable":true,"href":"https:\/\/contraluzcucuta.co\/index.php?rest_route=%2Fwp%2Fv2%2Fcomments&post=33591"}],"version-history":[{"count":1,"href":"https:\/\/contraluzcucuta.co\/index.php?rest_route=\/wp\/v2\/posts\/33591\/revisions"}],"predecessor-version":[{"id":33593,"href":"https:\/\/contraluzcucuta.co\/index.php?rest_route=\/wp\/v2\/posts\/33591\/revisions\/33593"}],"wp:featuredmedia":[{"embeddable":true,"href":"https:\/\/contraluzcucuta.co\/index.php?rest_route=\/wp\/v2\/media\/33592"}],"wp:attachment":[{"href":"https:\/\/contraluzcucuta.co\/index.php?rest_route=%2Fwp%2Fv2%2Fmedia&parent=33591"}],"wp:term":[{"taxonomy":"category","embeddable":true,"href":"https:\/\/contraluzcucuta.co\/index.php?rest_route=%2Fwp%2Fv2%2Fcategories&post=33591"},{"taxonomy":"post_tag","embeddable":true,"href":"https:\/\/contraluzcucuta.co\/index.php?rest_route=%2Fwp%2Fv2%2Ftags&post=33591"}],"curies":[{"name":"wp","href":"https:\/\/api.w.org\/{rel}","templated":true}]}}