{"id":33579,"date":"2019-01-18T21:21:51","date_gmt":"2019-01-19T02:21:51","guid":{"rendered":"http:\/\/contraluzcucuta.co\/?p=33579"},"modified":"2019-01-18T21:21:51","modified_gmt":"2019-01-19T02:21:51","slug":"notas-al-margen-la-union-fronteriza-es-una-posibilidad-inmensa-que-debe-ser-analizada","status":"publish","type":"post","link":"https:\/\/contraluzcucuta.co\/?p=33579","title":{"rendered":"NOTAS AL MARGEN. La uni\u00f3n fronteriza es una posibilidad inmensa que debe ser analizada"},"content":{"rendered":"<p style=\"padding-left: 60px;\"><span style=\"color: #ff6600;\">1.- Jam\u00e1s imagin\u00e9 que el grado de desatenci\u00f3n, indiferencia y apat\u00eda llegara a los extremos de ahora, como sin equ\u00edvocos y plenamente lo demuestran las manifestaciones de marginalidad y abandono que experimentamos en todo, lo que sintetiza y representa esta frontera colombo-venezolana que lleg\u00f3 a ser calificada como \u201dla m\u00e1s viva expresi\u00f3n de la integraci\u00f3n binacional Latinoamericana y hasta la fuente para La Gran Ciudadela Internacional de los Andes, en orden a los acercamientos y opciones que surg\u00edan entre C\u00facuta y San Crist\u00f3bal, capital del Estado T\u00e1chira.<\/span><\/p>\n<p>Y es tan grave lo que acontece, que llevamos m\u00e1s de10 a\u00f1os sin que las C\u00e1maras de Comercio de las dos \u00e1reas se re\u00fanan y analicen lo que ocurre para buscar alternativas y soluciones, mediante est\u00edmulos e incentivos, como se insinuaron cuando se llevaron a cabo las ediciones de la Feria Internacional de la Frontera, la Feria Internacional de C\u00facuta y los peri\u00f3dicos acercamientos en procura de avances y desarrollos, que permitan el mejor aprovechamiento de la ubicaci\u00f3n geoestrat\u00e9gica y las ventajas comparativas de productos y demandas que podr\u00edan impulsarse y proyectarse de estos lugares de empalme y mancomunidad de intereses, que no han sido canalizados por una pereza negativa y una errada interpretaci\u00f3n de lo que es y puede ser no solo la integraci\u00f3n, sino la fraternidad, que se incrementan por la vecindad, la familiaridad de muchos y la urgencia de generar empleos y hacer m\u00e1s productiva y visionaria la interrelaci\u00f3n y los mensajes de nuestros libertadores, cuando se dio paso a la creaci\u00f3n de la Gran Colombia y a la conveniencia y ventajas de un obrar compartido y trasformador.<\/p>\n<p>2.- Infortunadamente, el exagerado centralismo de Bogot\u00e1 y Caracas, as\u00ed como la menguada visi\u00f3n pol\u00edtica y administrativa de quienes han sido nuestros dirigentes y cuando se requer\u00eda m\u00e1s su accionar no han permitido que estas \u00e1reas y zonas de enorme importancia y trascendencia formulen el reto y el desaf\u00edo hacia una conjugaci\u00f3n de esfuerzos &#8211; francos y sinceros \u2013 para que se d\u00e9 comienzo y nueva vida al progreso y desarrollo de unas poblaciones que en lugar de mejores y mayores conexiones y servicios siguen por entre trochas y desde hace m\u00e1s de tres a\u00f1os y cuatro meses, con el cierre de la frontera y sin intercambiar nociones de futuro y mejoramientos colectivos.<\/p>\n<p>3.- Ante lo que acontece y se experimenta, un llamamiento a la uni\u00f3n y a la labor compartida bien puede transformarse en una acci\u00f3n innovadora, integracionista y redentora, porque los pasos y los derroteros nos conducir\u00e1n hacia opciones distintas al letargo y a las omisiones del hoy, producto de la inoperancia y la pasividad, as\u00ed como del obrar sin perspectivas, ni nociones de futuro.<\/p>\n<p>Quiera Dios que los cambios que se insin\u00faan, tanto en Venezuela como en Colombia, y que presionan hacia algo constructivo, din\u00e1mico y colectivo, recojan, capten y proyecten lo que entre nosotros puede lograrse. Y para bien y el progreso de las dos naciones hermanas y de estos puntos y lugares de encuentro y posibilidades.<\/p>\n<p><strong>JOS\u00c9 NEIRA REY<\/strong><\/p>\n<p><a href=\"mailto:jneirarey@hotmail.com\">jneirarey@hotmail.com<\/a><\/p>\n","protected":false},"excerpt":{"rendered":"<p>1.- Jam\u00e1s imagin\u00e9 que el grado de desatenci\u00f3n, indiferencia y apat\u00eda llegara a los extremos de ahora, como sin equ\u00edvocos y plenamente lo demuestran las manifestaciones de marginalidad y abandono que experimentamos en todo, lo que sintetiza y representa esta frontera colombo-venezolana que lleg\u00f3 a ser calificada como \u201dla m\u00e1s viva expresi\u00f3n de la integraci\u00f3n &hellip;<\/p>\n","protected":false},"author":1,"featured_media":33580,"comment_status":"open","ping_status":"open","sticky":false,"template":"","format":"standard","meta":{"footnotes":""},"categories":[14,4],"tags":[578,382,956],"class_list":["post-33579","post","type-post","status-publish","format-standard","has-post-thumbnail","hentry","category-articulistas","category-barra","tag-frontera-colombo-venezolana","tag-jose-neira","tag-notas-al-margen"],"_links":{"self":[{"href":"https:\/\/contraluzcucuta.co\/index.php?rest_route=\/wp\/v2\/posts\/33579","targetHints":{"allow":["GET"]}}],"collection":[{"href":"https:\/\/contraluzcucuta.co\/index.php?rest_route=\/wp\/v2\/posts"}],"about":[{"href":"https:\/\/contraluzcucuta.co\/index.php?rest_route=\/wp\/v2\/types\/post"}],"author":[{"embeddable":true,"href":"https:\/\/contraluzcucuta.co\/index.php?rest_route=\/wp\/v2\/users\/1"}],"replies":[{"embeddable":true,"href":"https:\/\/contraluzcucuta.co\/index.php?rest_route=%2Fwp%2Fv2%2Fcomments&post=33579"}],"version-history":[{"count":1,"href":"https:\/\/contraluzcucuta.co\/index.php?rest_route=\/wp\/v2\/posts\/33579\/revisions"}],"predecessor-version":[{"id":33581,"href":"https:\/\/contraluzcucuta.co\/index.php?rest_route=\/wp\/v2\/posts\/33579\/revisions\/33581"}],"wp:featuredmedia":[{"embeddable":true,"href":"https:\/\/contraluzcucuta.co\/index.php?rest_route=\/wp\/v2\/media\/33580"}],"wp:attachment":[{"href":"https:\/\/contraluzcucuta.co\/index.php?rest_route=%2Fwp%2Fv2%2Fmedia&parent=33579"}],"wp:term":[{"taxonomy":"category","embeddable":true,"href":"https:\/\/contraluzcucuta.co\/index.php?rest_route=%2Fwp%2Fv2%2Fcategories&post=33579"},{"taxonomy":"post_tag","embeddable":true,"href":"https:\/\/contraluzcucuta.co\/index.php?rest_route=%2Fwp%2Fv2%2Ftags&post=33579"}],"curies":[{"name":"wp","href":"https:\/\/api.w.org\/{rel}","templated":true}]}}