{"id":33576,"date":"2019-01-18T20:59:36","date_gmt":"2019-01-19T01:59:36","guid":{"rendered":"http:\/\/contraluzcucuta.co\/?p=33576"},"modified":"2019-01-18T20:59:36","modified_gmt":"2019-01-19T01:59:36","slug":"atentado-en-bogota-la-policia-no-va-a-parar-no-va-a-ceder-y-sera-contundente","status":"publish","type":"post","link":"https:\/\/contraluzcucuta.co\/?p=33576","title":{"rendered":"ATENTADO EN BOGOT\u00c1. La Polic\u00eda no va a parar, no va a ceder y ser\u00e1 contundente"},"content":{"rendered":"<p style=\"padding-left: 60px;\"><span style=\"color: #ff6600;\"><strong>BOGOT\u00c1.- <\/strong>La Polic\u00eda trabajar\u00e1 con todas sus capacidades para ubicar a los responsables del atentado en Bogot\u00e1 y que no han sido capturados. El director de la instituci\u00f3n, general \u00d3scar Atehort\u00faa, orden\u00f3 a los unifromados trabajar de manera incesante, como respuesta de honor ante el atroz acto terrorista contra la Escuela de Cadetes General Santander.<\/span><\/p>\n<p>\u201cLa Polic\u00eda no va a parar, la Polic\u00eda no va a ceder y la Polic\u00eda ser\u00e1 contundente. Cualquiera que crea que puede maltratarnos a nosotros y a la ciudadan\u00eda en general, con actos terroristas, tendr\u00e1 que pagar y purgar sus penas\u201d, advirti\u00f3 el alto oficial.<\/p>\n<p>En la declaraci\u00f3n en la Casa de Nari\u00f1o, el general Atehort\u00faa dijo que en coordinaci\u00f3n con inteligencia de las Fuerzas Militares, las capacidades investigativas de la Polic\u00eda y el trabajo de la Fiscal\u00eda fueron activados todos los esfuerzos para examinar qu\u00e9 ocurri\u00f3 dentro de la Escuela.<\/p>\n<p>Las investigaciones buscan establecer qu\u00e9 sucedi\u00f3 en ese centro educativo momentos previos a los hechos.\u00a0 El oficial dio a conocer paso a paso el protocolo que adelant\u00f3 para responder ante la crisis y revel\u00f3 qu\u00e9 ha sucedido con los fallecidos, los heridos y sus familiares.<\/p>\n<p>Son 21 muertos como consecuencia del atentado terrorista, 20 eran alumnos de la Escuela de Cadetes. Los restos del otro cuerpo corresponden al autor material del atentado.<\/p>\n<p>Para identificar a las dem\u00e1s v\u00edctimas, en coordinaci\u00f3n con el Instituto de Medicina Legal, se trabaja en la toma de las pruebas de ADN a los familiares, concentrados en la Escuela de Cadetes para el proceso.<\/p>\n<p>\u201cDebemos entregarlos con la certidumbre de que sean sus familiares, para poder cumplir los actos protocolarios\u201d, afirm\u00f3.<\/p>\n<p>En relaci\u00f3n con los heridos en el acto terrorista, el oficial especific\u00f3 que son 68. De esta cifra, tres eran menores de edad, entre ellos una ni\u00f1a de tres a\u00f1os, hija de un miembro de la Polic\u00eda que vive en la Escuela.<\/p>\n<p>\u201cEl d\u00eda de hoy solamente contamos con nueve personas: cuatro en el Hospital Central de la Polic\u00eda, dos en el Hospital del Tunal, uno en el Hospital Militar, que es un capit\u00e1n, uno m\u00e1s en el Olaya y otro en la Santa Fe\u201d, dijo.<\/p>\n<p>El resto de las personas que ingresaron a los centros asistenciales, 59 en total, ya est\u00e1n en sus hogares, asegur\u00f3 el General.<\/p>\n<p>\u201cDe las nueve personas que siguen en los hospitales, hay dos en estado delicado, dos que han estado en cuidados intensivos en las UCI, y tenemos tres m\u00e1s en cirug\u00eda. Hemos convocado a las familias y tenemos un recinto especial para ellas\u201d, a\u00f1adi\u00f3.<\/p>\n<p>Respecto a los estudiantes que no sufrieron afectaciones, la Direcci\u00f3n de la Polic\u00eda les autoriz\u00f3 el desplazamiento hacia sus sitios de origen, previo contacto con los familiares.<\/p>\n","protected":false},"excerpt":{"rendered":"<p>BOGOT\u00c1.- La Polic\u00eda trabajar\u00e1 con todas sus capacidades para ubicar a los responsables del atentado en Bogot\u00e1 y que no han sido capturados. El director de la instituci\u00f3n, general \u00d3scar Atehort\u00faa, orden\u00f3 a los unifromados trabajar de manera incesante, como respuesta de honor ante el atroz acto terrorista contra la Escuela de Cadetes General Santander. &hellip;<\/p>\n","protected":false},"author":1,"featured_media":33577,"comment_status":"open","ping_status":"open","sticky":false,"template":"","format":"standard","meta":{"footnotes":""},"categories":[11,4],"tags":[4416,4418,4417,323,163,4419],"class_list":["post-33576","post","type-post","status-publish","format-standard","has-post-thumbnail","hentry","category-cronica-roja","category-barra","tag-atentado-en-bogota","tag-escuela-de-cadetes-general-santander","tag-general-oscar-atehortua","tag-mecuc","tag-policia-metropolitana","tag-velaton"],"_links":{"self":[{"href":"https:\/\/contraluzcucuta.co\/index.php?rest_route=\/wp\/v2\/posts\/33576","targetHints":{"allow":["GET"]}}],"collection":[{"href":"https:\/\/contraluzcucuta.co\/index.php?rest_route=\/wp\/v2\/posts"}],"about":[{"href":"https:\/\/contraluzcucuta.co\/index.php?rest_route=\/wp\/v2\/types\/post"}],"author":[{"embeddable":true,"href":"https:\/\/contraluzcucuta.co\/index.php?rest_route=\/wp\/v2\/users\/1"}],"replies":[{"embeddable":true,"href":"https:\/\/contraluzcucuta.co\/index.php?rest_route=%2Fwp%2Fv2%2Fcomments&post=33576"}],"version-history":[{"count":1,"href":"https:\/\/contraluzcucuta.co\/index.php?rest_route=\/wp\/v2\/posts\/33576\/revisions"}],"predecessor-version":[{"id":33578,"href":"https:\/\/contraluzcucuta.co\/index.php?rest_route=\/wp\/v2\/posts\/33576\/revisions\/33578"}],"wp:featuredmedia":[{"embeddable":true,"href":"https:\/\/contraluzcucuta.co\/index.php?rest_route=\/wp\/v2\/media\/33577"}],"wp:attachment":[{"href":"https:\/\/contraluzcucuta.co\/index.php?rest_route=%2Fwp%2Fv2%2Fmedia&parent=33576"}],"wp:term":[{"taxonomy":"category","embeddable":true,"href":"https:\/\/contraluzcucuta.co\/index.php?rest_route=%2Fwp%2Fv2%2Fcategories&post=33576"},{"taxonomy":"post_tag","embeddable":true,"href":"https:\/\/contraluzcucuta.co\/index.php?rest_route=%2Fwp%2Fv2%2Ftags&post=33576"}],"curies":[{"name":"wp","href":"https:\/\/api.w.org\/{rel}","templated":true}]}}