{"id":33529,"date":"2019-01-08T21:47:07","date_gmt":"2019-01-09T02:47:07","guid":{"rendered":"http:\/\/contraluzcucuta.co\/?p=33529"},"modified":"2019-01-08T21:47:07","modified_gmt":"2019-01-09T02:47:07","slug":"crisis-en-venezuela-papa-francisco-destaca-espiritu-solidario-y-fraterno-de-colombia-frente-a-la-migracion","status":"publish","type":"post","link":"https:\/\/contraluzcucuta.co\/?p=33529","title":{"rendered":"CRISIS EN VENEZUELA. Papa Francisco destaca esp\u00edritu solidario y fraterno de Colombia frente a la migraci\u00f3n  \u00a0"},"content":{"rendered":"<p style=\"padding-left: 60px;\"><span style=\"color: #ff6600;\"><strong>BOGOT\u00c1.-<\/strong> Una menci\u00f3n especial a Colombia hizo este lunes el Papa Francisco ante el cuerpo diplom\u00e1tico acreditado en la Santa Sede, al destacar la manera como el pa\u00eds ha enfrentado la crisis migratoria de venezolanos, demostrando solidaridad y fraternidad.<\/span><\/p>\n<p>\u201cNo puedo dejar de agradecer los esfuerzos de muchos gobiernos e instituciones que impulsados por un esp\u00edritu generoso de solidaridad y caridad cristiana colaboran fraternamente en favor de los migrantes. Entre esos, me gustar\u00eda mencionar a Colombia que, junto a otros pa\u00edses del continente, en los \u00faltimos meses ha recibido a un gran n\u00famero de personas de Venezuela\u201d, afirm\u00f3 el Pont\u00edfice en su mensaje de A\u00f1o Nuevo a los embajadores.<\/p>\n<p>Tras conocer las palabras del alto jerarca de la Iglesia cat\u00f3lica, el Presidente Iv\u00e1n Duque agradeci\u00f3 la menci\u00f3n especial al pa\u00eds y el reconocimiento del Sumo Pont\u00edfice a la manera como su Gobierno ha enfrentado esta situaci\u00f3n migratoria. A trav\u00e9s de su cuenta de Twitter, el Mandatario\u00a0\u00a0 respondi\u00f3:<\/p>\n<p>\u201cAgradecemos a su Santidad Papa Francisco @Pontifex_es por su generosa referencia a Colombia durante saludo al cuerpo diplom\u00e1tico. Sus palabras son un importante reconocimiento al gran esfuerzo de nuestro pa\u00eds en el apoyo a migrantes venezolanos, v\u00edctimas del r\u00e9gimen de Venezuela\u201d.<\/p>\n<p>En distintos escenarios el Jefe de Estado colombiano ha pedido atender los desaf\u00edos migratorios con pol\u00edticas de asistencia humanitaria y, frente a la migraci\u00f3n venezolana, ha instado a los pa\u00edses del continente a adelantar programas de normalizaci\u00f3n y regulaci\u00f3n migratoria.<\/p>\n<p>El Mandatario ha solicitado el apoyo de la comunidad internacional para avanzar en tres estrategias que permitan garantizar la atenci\u00f3n del mill\u00f3n de migrantes venezolanos que est\u00e1n en Colombia: la puesta en marcha del Fondo Multidonante, la facilitaci\u00f3n para que el sector privado pueda aportar y la coordinaci\u00f3n entre pa\u00edses de la regi\u00f3n para la normalizaci\u00f3n del flujo migratorio.<\/p>\n<p>Durante la presentaci\u00f3n del Informe del Banco Mundial titulado \u2018Migraci\u00f3n desde Venezuela a Colombia: impactos y estrategias de respuesta en el corto y mediano plazo\u2019, que se cumpli\u00f3 en noviembre pasado en Bogot\u00e1, el Presidente Duque resumi\u00f3 as\u00ed las acciones que se deben adelantar para atender la crisis migratoria de venezolanos:<\/p>\n<p>1.- la puesta en marcha r\u00e1pidamente de este Fondo Multidonante, con distintas herramientas de financiaci\u00f3n que nos permitan tener recursos frescos y en condiciones blandas, para ser efectivos y focalizados en la atenci\u00f3n.<\/p>\n<p>2.- Permitir, por medio de esas estructuras multidonantes, que el sector privado colombiano e internacional tambi\u00e9n contribuya y apoye aspectos puntuales que trae consigo esta crisis.<\/p>\n<p>3.- Coordinaci\u00f3n entre varios pa\u00edses para tener un programa de normalizaci\u00f3n migratoria, donde tengamos estatus temporales no solamente en Colombia sino en otros pa\u00edses, sabiendo que quiz\u00e1s la mayor prueba se encuentra en Colombia.<\/p>\n<p>La menci\u00f3n del papa Francisco este lunes ante el cuerpo diplom\u00e1tico de la Santa Sede es un reconocimiento a los esfuerzos del Gobierno colombiano para atender esta crisis migratoria y su reiterado llamado a la solidaridad frente al drama de los venezolanos que huyen de su pa\u00eds.<\/p>\n","protected":false},"excerpt":{"rendered":"<p>BOGOT\u00c1.- Una menci\u00f3n especial a Colombia hizo este lunes el Papa Francisco ante el cuerpo diplom\u00e1tico acreditado en la Santa Sede, al destacar la manera como el pa\u00eds ha enfrentado la crisis migratoria de venezolanos, demostrando solidaridad y fraternidad. \u201cNo puedo dejar de agradecer los esfuerzos de muchos gobiernos e instituciones que impulsados por un &hellip;<\/p>\n","protected":false},"author":1,"featured_media":33530,"comment_status":"open","ping_status":"open","sticky":false,"template":"","format":"standard","meta":{"footnotes":""},"categories":[1326,45,4],"tags":[1164,3981,594],"class_list":["post-33529","post","type-post","status-publish","format-standard","has-post-thumbnail","hentry","category-crisis-en-venezuela-2","category-destacado","category-barra","tag-crisis-en-venezuela","tag-migracion-de-venezolanos","tag-papa-francisco"],"_links":{"self":[{"href":"https:\/\/contraluzcucuta.co\/index.php?rest_route=\/wp\/v2\/posts\/33529","targetHints":{"allow":["GET"]}}],"collection":[{"href":"https:\/\/contraluzcucuta.co\/index.php?rest_route=\/wp\/v2\/posts"}],"about":[{"href":"https:\/\/contraluzcucuta.co\/index.php?rest_route=\/wp\/v2\/types\/post"}],"author":[{"embeddable":true,"href":"https:\/\/contraluzcucuta.co\/index.php?rest_route=\/wp\/v2\/users\/1"}],"replies":[{"embeddable":true,"href":"https:\/\/contraluzcucuta.co\/index.php?rest_route=%2Fwp%2Fv2%2Fcomments&post=33529"}],"version-history":[{"count":1,"href":"https:\/\/contraluzcucuta.co\/index.php?rest_route=\/wp\/v2\/posts\/33529\/revisions"}],"predecessor-version":[{"id":33531,"href":"https:\/\/contraluzcucuta.co\/index.php?rest_route=\/wp\/v2\/posts\/33529\/revisions\/33531"}],"wp:featuredmedia":[{"embeddable":true,"href":"https:\/\/contraluzcucuta.co\/index.php?rest_route=\/wp\/v2\/media\/33530"}],"wp:attachment":[{"href":"https:\/\/contraluzcucuta.co\/index.php?rest_route=%2Fwp%2Fv2%2Fmedia&parent=33529"}],"wp:term":[{"taxonomy":"category","embeddable":true,"href":"https:\/\/contraluzcucuta.co\/index.php?rest_route=%2Fwp%2Fv2%2Fcategories&post=33529"},{"taxonomy":"post_tag","embeddable":true,"href":"https:\/\/contraluzcucuta.co\/index.php?rest_route=%2Fwp%2Fv2%2Ftags&post=33529"}],"curies":[{"name":"wp","href":"https:\/\/api.w.org\/{rel}","templated":true}]}}