{"id":33523,"date":"2019-01-08T16:49:39","date_gmt":"2019-01-08T21:49:39","guid":{"rendered":"http:\/\/contraluzcucuta.co\/?p=33523"},"modified":"2019-01-08T16:49:39","modified_gmt":"2019-01-08T21:49:39","slug":"necrologia-lucho-brahim-obsesion-por-la-pintura-y-la-escultura","status":"publish","type":"post","link":"https:\/\/contraluzcucuta.co\/?p=33523","title":{"rendered":"NECROLOG\u00cdA. Lucho Brahim: obsesi\u00f3n por la pintura y la escultura  \u00a0"},"content":{"rendered":"<p style=\"padding-left: 60px;\"><span style=\"color: #ff6600;\"><strong>C\u00daCUTA.-<\/strong> Luis Miguel Brahim Mart\u00ednez, \u2018Lucho Brahim\u2019, un \u2018loco\u2019 por la pintura y la escultura, naci\u00f3 el 10 de abril de 1966. Los inicios en este campo de las artes fueron en el colegio. Los cuadernos los llenaba de atr\u00e1s para adelante con dibujos que hac\u00eda en todas las clases. Muri\u00f3 este 8 de enero, a los 53 a\u00f1os.<\/span><\/p>\n<p>Era de estatura mediana, piel blanca, ojos verdes y cabello plateado. A los 17 a\u00f1os, conoci\u00f3 a su escritor favorito, el colombiano Andr\u00e9s Caicedo, autor de las novelas \u2018Viva la m\u00fasica\u2019, \u2018Angelitos empantanados\u2019 e \u2018Historias para j\u00f3venes\u2019. El segundo escritor en preferencia, por el estilo y la poes\u00eda, era Wall Whitman.<\/p>\n<p>En Bogot\u00e1 estudi\u00f3 artes visuales, en la Universidad de los Andes. La vida le dio la oportunidad de presentarse para una beca y demostrar las habilidades como artista.\u00a0 El Banco de la Rep\u00fablica ten\u00eda un programa de j\u00f3venes talentos en distintas \u00e1reas, y en 1987 fue becado. Viaj\u00f3 a Barcelona y le agradec\u00eda a Dios por haberle dado esa fortuna de hacer la especializaci\u00f3n en pintura mural en la Escuela Macana. Aprovech\u00f3 al m\u00e1ximo esa experiencia.<\/p>\n<p>Tiempo despu\u00e9s, afianz\u00f3 los estudios en la Agencia de Cooperaci\u00f3n Espa\u00f1ola para Iberoam\u00e9rica. Vivi\u00f3 un tiempo en Madrid, donde se especializ\u00f3 en pintura y en medios audiovisuales. Asisti\u00f3 a seminarios, talleres y cursos para incrementar la preparaci\u00f3n en artes.<\/p>\n<p>Una motivaci\u00f3n para escoger esta pasi\u00f3n fue la bruma que sent\u00eda flotar en el ambiente de la casa. Su madre ten\u00eda profundo conocimiento del arte de los artesanos de Norte de Santander y el padre era arquitecto. Estas condiciones familiares crearon las facilidades para entrar en el mundo como artista.<\/p>\n<p>\u201cUn artista en este camino sabe que no es f\u00e1cil y debe obrar con cautela y paciencia para posesionarse en este medio\u201d, dijo en su momento. Sus pinturas lograron reconocimiento en galer\u00edas, salones y museos.<\/p>\n<p>Su pensamiento de felicidad perfecta era un estado y no una emoci\u00f3n. Era un hombre feliz, porque sent\u00eda que lo que hac\u00eda estaba bien y lo que vendr\u00eda ser\u00eda la aceptaci\u00f3n de las cosas. Uno de los momentos m\u00e1s dif\u00edciles, fue despertarse despu\u00e9s de una operaci\u00f3n a t\u00f3rax abierto. Por suerte no le lleg\u00f3 la hora de partir al m\u00e1s all\u00e1.<\/p>\n<p>Algunos pasatiempos eran tocar guitarra, la magia con fuego y arreglar el jard\u00edn de la casa, donde pasaba el mayor tiempo. Ah\u00ed, aprovechaba para hacer lo que m\u00e1s le gustaba. Ten\u00eda \u2018envidia sana\u2019 por todo aquel que es capaz de manejarse en el c\u00f3digo matem\u00e1tico por la m\u00fasica.<\/p>\n<p><strong>LAURA GIRALDO<\/strong><\/p>\n","protected":false},"excerpt":{"rendered":"<p>C\u00daCUTA.- Luis Miguel Brahim Mart\u00ednez, \u2018Lucho Brahim\u2019, un \u2018loco\u2019 por la pintura y la escultura, naci\u00f3 el 10 de abril de 1966. Los inicios en este campo de las artes fueron en el colegio. Los cuadernos los llenaba de atr\u00e1s para adelante con dibujos que hac\u00eda en todas las clases. Muri\u00f3 este 8 de enero, &hellip;<\/p>\n","protected":false},"author":1,"featured_media":33524,"comment_status":"open","ping_status":"open","sticky":false,"template":"","format":"standard","meta":{"footnotes":""},"categories":[74,4],"tags":[1085,1948],"class_list":["post-33523","post","type-post","status-publish","format-standard","has-post-thumbnail","hentry","category-aula-universitaria","category-barra","tag-lucho-brahim","tag-necrologias-cucutenas"],"_links":{"self":[{"href":"https:\/\/contraluzcucuta.co\/index.php?rest_route=\/wp\/v2\/posts\/33523","targetHints":{"allow":["GET"]}}],"collection":[{"href":"https:\/\/contraluzcucuta.co\/index.php?rest_route=\/wp\/v2\/posts"}],"about":[{"href":"https:\/\/contraluzcucuta.co\/index.php?rest_route=\/wp\/v2\/types\/post"}],"author":[{"embeddable":true,"href":"https:\/\/contraluzcucuta.co\/index.php?rest_route=\/wp\/v2\/users\/1"}],"replies":[{"embeddable":true,"href":"https:\/\/contraluzcucuta.co\/index.php?rest_route=%2Fwp%2Fv2%2Fcomments&post=33523"}],"version-history":[{"count":1,"href":"https:\/\/contraluzcucuta.co\/index.php?rest_route=\/wp\/v2\/posts\/33523\/revisions"}],"predecessor-version":[{"id":33525,"href":"https:\/\/contraluzcucuta.co\/index.php?rest_route=\/wp\/v2\/posts\/33523\/revisions\/33525"}],"wp:featuredmedia":[{"embeddable":true,"href":"https:\/\/contraluzcucuta.co\/index.php?rest_route=\/wp\/v2\/media\/33524"}],"wp:attachment":[{"href":"https:\/\/contraluzcucuta.co\/index.php?rest_route=%2Fwp%2Fv2%2Fmedia&parent=33523"}],"wp:term":[{"taxonomy":"category","embeddable":true,"href":"https:\/\/contraluzcucuta.co\/index.php?rest_route=%2Fwp%2Fv2%2Fcategories&post=33523"},{"taxonomy":"post_tag","embeddable":true,"href":"https:\/\/contraluzcucuta.co\/index.php?rest_route=%2Fwp%2Fv2%2Ftags&post=33523"}],"curies":[{"name":"wp","href":"https:\/\/api.w.org\/{rel}","templated":true}]}}