{"id":33416,"date":"2018-12-30T16:01:38","date_gmt":"2018-12-30T21:01:38","guid":{"rendered":"http:\/\/contraluzcucuta.co\/?p=33416"},"modified":"2018-12-30T16:01:38","modified_gmt":"2018-12-30T21:01:38","slug":"crisis-en-la-frontera-nunciatura-apostolica-dono-tres-toneladas-de-alimentos-para-migrantes","status":"publish","type":"post","link":"https:\/\/contraluzcucuta.co\/?p=33416","title":{"rendered":"CRISIS EN LA FRONTERA. Nunciatura Apost\u00f3lica don\u00f3 tres toneladas de alimentos para migrantes"},"content":{"rendered":"<p style=\"padding-left: 60px;\"><span style=\"color: #ff6600;\"><strong>VILLA DEL ROSARIO \u2013 Norte de Santander.-<\/strong> El nuncio apost\u00f3lico monse\u00f1or Luis Mariano Montemayor, arzobispo titular de Illici, visit\u00f3 la ciudad para conocer la situaci\u00f3n de los migrantes venezolanos y evidenciar el apoyo de la Iglesia.<\/span><\/p>\n<p>En la Casa de Paso \u2018Divina Providencia\u2019, en el corregimiento La Parada (Villa del Rosario), se encontr\u00f3 con los obispos de C\u00facuta y San Crist\u00f3bal (Venezuela), V\u00edctor Manuel Ochoa y Mario Moronta, quienes lo lo acompa\u00f1aron en el recorrido.<\/p>\n<p>Monse\u00f1or Luis Mariano entreg\u00f3 mercados a los servidores venezolanos de la Casa de Paso y les dio la bendici\u00f3n. Ayud\u00f3 en el servicio de los alimentos a la hora del almuerzo y conoci\u00f3 algunos casos de enfermos graves, que necesitan contar con la atenci\u00f3n m\u00e9dica que hasta el momento han recibido.<\/p>\n<p>El Nuncio asegur\u00f3 que desde la Santa Sede trabajan para que no falten los recursos y reconoci\u00f3 el esfuerzo de asociaciones cat\u00f3licas y agencias internacionales que han expresado solidaridad y generosidad con la obra de caridad.<\/p>\n<p>Monse\u00f1or Moronta, obispo de San Crist\u00f3bal, exalt\u00f3 la actitud de la Iglesia en C\u00facuta al ayudar al hermano venezolano. \u201cEs una bendici\u00f3n de Dios el tener un obispo, unos sacerdotes y unos laicos que sin inter\u00e9s ayudan a tantos hombres y mujeres venezolanos\u201d.<\/p>\n<p>Monse\u00f1or Montemayor pidi\u00f3 a esta Iglesia particular que no se canse de perseverar. \u201cEl Santo Padre agradece de coraz\u00f3n el gran esfuerzo que hacen, agradece a Colombia por la pol\u00edtica de puertas abiertas\u2026 somos todos pueblos hermanos y a m\u00ed, como argentino, me duele en el alma ver un pueblo latinoamericano tan abatido como el venezolano\u201d.<\/p>\n<p>V\u00edctor Bautista Olarte, director de Fronteras de Colombia, ampli\u00f3 el panorama al Nuncio sobre la situaci\u00f3n econ\u00f3mica y social que afronta Venezuela y c\u00f3mo afecta directamente a la frontera en Norte de Santander.<\/p>\n<p>En Villa del Rosario se acercaron al Centro de Evangelizaci\u00f3n padre Luis Variara, donde monse\u00f1or Luis Mariano entreg\u00f3 mercados, que, sumados con los donados en la Casa de Paso, llegan a las tres toneladas de alimentos que dispuso la Nunciatura Apost\u00f3lica para la Di\u00f3cesis de C\u00facuta.<\/p>\n<p>La agenda del Nuncio continu\u00f3 en el Centro de Migraciones de la Di\u00f3cesis de C\u00facuta y el Hogar Casa de Nazareth de las Hermanas Misioneras de la Caridad, Santa Teresa de Calcuta.<\/p>\n","protected":false},"excerpt":{"rendered":"<p>VILLA DEL ROSARIO \u2013 Norte de Santander.- El nuncio apost\u00f3lico monse\u00f1or Luis Mariano Montemayor, arzobispo titular de Illici, visit\u00f3 la ciudad para conocer la situaci\u00f3n de los migrantes venezolanos y evidenciar el apoyo de la Iglesia. En la Casa de Paso \u2018Divina Providencia\u2019, en el corregimiento La Parada (Villa del Rosario), se encontr\u00f3 con los &hellip;<\/p>\n","protected":false},"author":1,"featured_media":33413,"comment_status":"open","ping_status":"open","sticky":false,"template":"","format":"standard","meta":{"footnotes":""},"categories":[1326,4,2780,36],"tags":[8,4387],"class_list":["post-33416","post","type-post","status-publish","format-standard","has-post-thumbnail","hentry","category-crisis-en-venezuela-2","category-barra","category-frontera","category-la-voz-del-pueblo","tag-diocesis-de-cucuta","tag-monsenor-luis-mariano-montemayor"],"_links":{"self":[{"href":"https:\/\/contraluzcucuta.co\/index.php?rest_route=\/wp\/v2\/posts\/33416","targetHints":{"allow":["GET"]}}],"collection":[{"href":"https:\/\/contraluzcucuta.co\/index.php?rest_route=\/wp\/v2\/posts"}],"about":[{"href":"https:\/\/contraluzcucuta.co\/index.php?rest_route=\/wp\/v2\/types\/post"}],"author":[{"embeddable":true,"href":"https:\/\/contraluzcucuta.co\/index.php?rest_route=\/wp\/v2\/users\/1"}],"replies":[{"embeddable":true,"href":"https:\/\/contraluzcucuta.co\/index.php?rest_route=%2Fwp%2Fv2%2Fcomments&post=33416"}],"version-history":[{"count":1,"href":"https:\/\/contraluzcucuta.co\/index.php?rest_route=\/wp\/v2\/posts\/33416\/revisions"}],"predecessor-version":[{"id":33417,"href":"https:\/\/contraluzcucuta.co\/index.php?rest_route=\/wp\/v2\/posts\/33416\/revisions\/33417"}],"wp:featuredmedia":[{"embeddable":true,"href":"https:\/\/contraluzcucuta.co\/index.php?rest_route=\/wp\/v2\/media\/33413"}],"wp:attachment":[{"href":"https:\/\/contraluzcucuta.co\/index.php?rest_route=%2Fwp%2Fv2%2Fmedia&parent=33416"}],"wp:term":[{"taxonomy":"category","embeddable":true,"href":"https:\/\/contraluzcucuta.co\/index.php?rest_route=%2Fwp%2Fv2%2Fcategories&post=33416"},{"taxonomy":"post_tag","embeddable":true,"href":"https:\/\/contraluzcucuta.co\/index.php?rest_route=%2Fwp%2Fv2%2Ftags&post=33416"}],"curies":[{"name":"wp","href":"https:\/\/api.w.org\/{rel}","templated":true}]}}