{"id":33404,"date":"2018-12-30T12:44:32","date_gmt":"2018-12-30T17:44:32","guid":{"rendered":"http:\/\/contraluzcucuta.co\/?p=33404"},"modified":"2018-12-30T12:44:32","modified_gmt":"2018-12-30T17:44:32","slug":"clamor-zuliano-construccion-del-viaducto-de-cuatro-carriles-sobre-el-rio-zulia","status":"publish","type":"post","link":"https:\/\/contraluzcucuta.co\/?p=33404","title":{"rendered":"CLAMOR ZULIANO. Construcci\u00f3n del viaducto de cuatro carriles sobre el r\u00edo Zulia"},"content":{"rendered":"<p style=\"padding-left: 60px;\"><span style=\"color: #ff6600;\"><strong>EL ZULIA \u2013 Norte de Santander.-<\/strong> \u00a0Priorizar en la inversi\u00f3n del posconflicto la construcci\u00f3n del viaducto de cuatro carriles sobre el r\u00edo Zulia y de 7,8 kil\u00f3metros de doble calzada para integrar desarrollo socioecon\u00f3mico del \u00c1rea Metropolitana de C\u00facuta, solicit\u00f3 Luis Alberto G\u00f3mez, presidente Veedur\u00eda para la vigilancia de la repotenciaci\u00f3n del puente Mariano Ospina P\u00e9rez, al presidente Iv\u00e1n Duque.<\/span><\/p>\n<p>En reciente comunicaci\u00f3n escrita, el vocero zuliano expres\u00f3 que las dos obras permitir\u00e1n la integraci\u00f3n de la v\u00eda nacional C\u00facuta-El Zulia-Oca\u00f1a-Catatumbo y Pueblos de Occidente en Norte de Santander.<\/p>\n<p>Los beneficiados con el nuevo puente ser\u00edan las comunidades de El Zulia, San Cayetano, Santiago, Gramalote, Lourdes, Salazar, Arboledas, Cucutilla, Provincia de Oca\u00f1a y El Catatumbo. Los proyectos cerrar\u00e1n las brechas sociales de movilidad que \u201cnos distancian para sobrevivir como territorios v\u00edctimas del conflicto armado\u201d, dijo G\u00f3mez.<\/p>\n<p>La nueva etapa del crecimiento socioecon\u00f3mico se alcanzar\u00e1 con apoyo de los gobiernos nacional y departamental, con inversiones del posconflicto. Los proyectos los han expuesto la ANI y el Inv\u00edas en reuniones en la C\u00e1mara de Comercio de C\u00facuta.<\/p>\n<p>Hace 21 a\u00f1os, pudo cambiar para los zulianos la historia socioecon\u00f3mica regional con el crecimiento industrial, urban\u00edstico y tur\u00edstico, si la cervecera Bavaria hubiera construido en el predio adquirido, la moderna factor\u00eda y el ministerio de Transporte ejecutado la inversi\u00f3n en el puente paralelo sobre el r\u00edo Zulia. El nuevo paso elevado tendr\u00eda capacidad para la movilidad de tractocamiones.<\/p>\n<p>Luis Alberto G\u00f3mez lament\u00f3, que en esa \u00e9poca, \u201cel accionar terrorista y mezquino de los grupos armados al margen de la ley frustr\u00f3 la ejecuci\u00f3n de los dos proyectos con presupuestos acordados en la parte privada y p\u00fablica y no hubo autoridad que nos defendiera\u201d.<\/p>\n<p>El veedor zuliano estim\u00f3 discriminatorio e injusto instalar un peaje en el trayecto C\u00facuta-El Zulia, para financiar la v\u00eda 4G C\u00facuta-Oca\u00f1a. Se\u00f1al\u00f3 que esa obra se har\u00eda \u201ca costillas del abandono hist\u00f3rico del territorio zuliano y de los pueblos de occidente, que tambi\u00e9n sufren por las precarias v\u00edas secundarias para movilizar productos agr\u00edcolas, derivados de la arcilla, c\u00e1rnicos, piscicultura y desarrollar el turismo\u201d.<\/p>\n<p>El puente Mariano Ospina P\u00e9rez, rehabilitado en el 2017 por Inv\u00edas con apoyo de la Gobernaci\u00f3n, tiene corta vida y en cualquier momento por su uso y abuso con la carga pesada en las dos \u00faltimas d\u00e9cadas puede colapsar. La afirmaci\u00f3n la sustent\u00f3 G\u00f3mez Forero en voces de ingenieros especialistas. \u201cDe ocurrir una tragedia se agravar\u00eda notoriamente nuestra crisis regional\u201d.<\/p>\n<p>Para llamar la atenci\u00f3n del presidente Duque, el veedor zuliano le record\u00f3 que \u201ccon much\u00edsimo entusiasmo, afecto y amor patrio los zulianos le apostamos mayoritariamente a su elecci\u00f3n presidencial\u201d. Destac\u00f3 la solidaridad con la crisis binacional que arruina la frontera y se mostr\u00f3 confiado en las bondades de convertir a C\u00facuta y el \u00c1rea Metropolitana en Zona Econ\u00f3mica Social Especial, por 10 a\u00f1os.<\/p>\n","protected":false},"excerpt":{"rendered":"<p>EL ZULIA \u2013 Norte de Santander.- \u00a0Priorizar en la inversi\u00f3n del posconflicto la construcci\u00f3n del viaducto de cuatro carriles sobre el r\u00edo Zulia y de 7,8 kil\u00f3metros de doble calzada para integrar desarrollo socioecon\u00f3mico del \u00c1rea Metropolitana de C\u00facuta, solicit\u00f3 Luis Alberto G\u00f3mez, presidente Veedur\u00eda para la vigilancia de la repotenciaci\u00f3n del puente Mariano Ospina &hellip;<\/p>\n","protected":false},"author":1,"featured_media":33407,"comment_status":"open","ping_status":"open","sticky":false,"template":"","format":"standard","meta":{"footnotes":""},"categories":[4,36],"tags":[4386,1307,676],"class_list":["post-33404","post","type-post","status-publish","format-standard","has-post-thumbnail","hentry","category-barra","category-la-voz-del-pueblo","tag-clamor-zuliano","tag-luis-alberto-gomez-forero","tag-puente-mariano-ospina-perez"],"_links":{"self":[{"href":"https:\/\/contraluzcucuta.co\/index.php?rest_route=\/wp\/v2\/posts\/33404","targetHints":{"allow":["GET"]}}],"collection":[{"href":"https:\/\/contraluzcucuta.co\/index.php?rest_route=\/wp\/v2\/posts"}],"about":[{"href":"https:\/\/contraluzcucuta.co\/index.php?rest_route=\/wp\/v2\/types\/post"}],"author":[{"embeddable":true,"href":"https:\/\/contraluzcucuta.co\/index.php?rest_route=\/wp\/v2\/users\/1"}],"replies":[{"embeddable":true,"href":"https:\/\/contraluzcucuta.co\/index.php?rest_route=%2Fwp%2Fv2%2Fcomments&post=33404"}],"version-history":[{"count":1,"href":"https:\/\/contraluzcucuta.co\/index.php?rest_route=\/wp\/v2\/posts\/33404\/revisions"}],"predecessor-version":[{"id":33408,"href":"https:\/\/contraluzcucuta.co\/index.php?rest_route=\/wp\/v2\/posts\/33404\/revisions\/33408"}],"wp:featuredmedia":[{"embeddable":true,"href":"https:\/\/contraluzcucuta.co\/index.php?rest_route=\/wp\/v2\/media\/33407"}],"wp:attachment":[{"href":"https:\/\/contraluzcucuta.co\/index.php?rest_route=%2Fwp%2Fv2%2Fmedia&parent=33404"}],"wp:term":[{"taxonomy":"category","embeddable":true,"href":"https:\/\/contraluzcucuta.co\/index.php?rest_route=%2Fwp%2Fv2%2Fcategories&post=33404"},{"taxonomy":"post_tag","embeddable":true,"href":"https:\/\/contraluzcucuta.co\/index.php?rest_route=%2Fwp%2Fv2%2Ftags&post=33404"}],"curies":[{"name":"wp","href":"https:\/\/api.w.org\/{rel}","templated":true}]}}