{"id":33401,"date":"2018-12-30T11:55:33","date_gmt":"2018-12-30T16:55:33","guid":{"rendered":"http:\/\/contraluzcucuta.co\/?p=33401"},"modified":"2018-12-30T11:55:33","modified_gmt":"2018-12-30T16:55:33","slug":"notas-al-margen-nuestro-futuro-dependera-de-la-union-y-la-labor-en-equipo","status":"publish","type":"post","link":"https:\/\/contraluzcucuta.co\/?p=33401","title":{"rendered":"NOTAS AL MARGEN. Nuestro futuro depender\u00e1 de la uni\u00f3n y la labor en equipo\u00a0\u00a0 \u00a0\u00a0\u00a0\u00a0\u00a0\u00a0\u00a0\u00a0\u00a0\u00a0\u00a0\u00a0\u00a0\u00a0\u00a0\u00a0\u00a0\u00a0\u00a0\u00a0\u00a0\u00a0\u00a0\u00a0\u00a0\u00a0\u00a0\u00a0\u00a0\u00a0\u00a0\u00a0\u00a0\u00a0\u00a0\u00a0\u00a0\u00a0\u00a0\u00a0\u00a0\u00a0\u00a0\u00a0\u00a0\u00a0\u00a0\u00a0\u00a0\u00a0\u00a0"},"content":{"rendered":"<p style=\"padding-left: 60px;\"><span style=\"color: #ff6600;\">1.- Si hay algo que no podemos descuidar y motivo que no puede dejarse para despu\u00e9s es lo correspondiente al an\u00e1lisis presentaci\u00f3n, sustento y defensa de nuestras necesidades y soluciones.<\/span><\/p>\n<p>\u00bfPor qu\u00e9? Porque si no hay uni\u00f3n y previamente no se efect\u00faa la evaluaci\u00f3n y\u00a0 coordinaci\u00f3n, todo intento ser\u00e1 fallido, como ha ocurrido con las peticiones y las formulaciones presentadas en montonera y sin prioridades.\u00a0Y lo anotamos sin temor, porque infortunadamente no poseemos la acci\u00f3n compartida, como instrumento de apoyo para las ejecuciones que palpamos y vivimos hace mucho tiempo.<\/p>\n<p>D\u00edgalo si no: el agua, las necesidades viales, ferroviarias y a\u00e9reas, el Ministerio y la Controlar\u00eda de Fronteras, los est\u00edmulos, incentivos, mecanismos y procedimientos impulsores para Parques Industriales, Tecnol\u00f3gicos, Zonas Francas y Maquiladoras, as\u00ed como lo inherente a la creaci\u00f3n del Centro del Pensamiento y Desarrollo Fronterizo, que podr\u00eda constituirse en\u00a0 la primera universidad del mundo, en fronteras.<\/p>\n<ol start=\"2\">\n<li>S\u00ed, la uni\u00f3n es fundamental para lo que anhelamos y podemos hacer, porque el obrar aislado y solo de aislados o peque\u00f1os grupos, m\u00e1s el no aceptar que el progreso debe ser para todos, nos mantiene paralizados y aislados. Y, obviamente, sin beneficios, ni resultados positivos<\/li>\n<\/ol>\n<p>Y los grupos como comerciantes, industriales y profesionales &#8211; inclusive universitarios y especializados- deben captar y entender que la renovaci\u00f3n de cuadros y las peri\u00f3dicas reuniones de an\u00e1lisis son importantes y necesarias para mantener la informaci\u00f3n y las tem\u00e1ticas que requieren el suficiente enfoque y conocimiento\u00a0 de sus proyecciones.<\/p>\n<p>Y, en esto, hay vac\u00edos que deben ser atendidos y llenados con el entusiasmo de convocatorias revitalizadoras y comprometedoras acciones para que el cambio y la trasformaci\u00f3n operen y venzan los momentos de indiferencia, apat\u00eda o desinter\u00e9s que agobian y afectan el ambiente.<\/p>\n<p>3.- S\u00ed, la uni\u00f3n y el trabajo en equipo es la regla fundamental que debemos adoptar para encarar el reto y desaf\u00edo de nuestra realidad y de nuestro futuro. Y dentro de esa uni\u00f3n, valorar y comprender que el llamamiento a los cargos de poder y administraci\u00f3n deben ser consecuencia y producto de una previa escogencia e invitaci\u00f3n a aquellos que por sus conocimientos, trayectoria y honesta vivencia puedan ser los voceros de una comunidad que necesita un giro hacia el progreso y al desarrollo de importantes posibilidades, ventajas comparativas y por la ubicaci\u00f3n geoestrat\u00e9gica\u00a0 y las opciones por adelantar.<\/p>\n<p>S\u00ed, es la hora de superar negatividades y penetrar &#8211;\u00a0 con entusiasmo, solidaridad y dedicaci\u00f3n &#8211; a la\u00a0 conquista de una visi\u00f3n de realidades que impulse y dinamice el progreso que tanto se ans\u00eda. Y, confiando en los aportes y esfuerzos de nuestra gente.<\/p>\n<p><strong>JOS\u00c9 NEIRA REY<\/strong><\/p>\n","protected":false},"excerpt":{"rendered":"<p>1.- Si hay algo que no podemos descuidar y motivo que no puede dejarse para despu\u00e9s es lo correspondiente al an\u00e1lisis presentaci\u00f3n, sustento y defensa de nuestras necesidades y soluciones. \u00bfPor qu\u00e9? Porque si no hay uni\u00f3n y previamente no se efect\u00faa la evaluaci\u00f3n y\u00a0 coordinaci\u00f3n, todo intento ser\u00e1 fallido, como ha ocurrido con las &hellip;<\/p>\n","protected":false},"author":1,"featured_media":33402,"comment_status":"open","ping_status":"open","sticky":false,"template":"","format":"standard","meta":{"footnotes":""},"categories":[14,4],"tags":[382,956],"class_list":["post-33401","post","type-post","status-publish","format-standard","has-post-thumbnail","hentry","category-articulistas","category-barra","tag-jose-neira","tag-notas-al-margen"],"_links":{"self":[{"href":"https:\/\/contraluzcucuta.co\/index.php?rest_route=\/wp\/v2\/posts\/33401","targetHints":{"allow":["GET"]}}],"collection":[{"href":"https:\/\/contraluzcucuta.co\/index.php?rest_route=\/wp\/v2\/posts"}],"about":[{"href":"https:\/\/contraluzcucuta.co\/index.php?rest_route=\/wp\/v2\/types\/post"}],"author":[{"embeddable":true,"href":"https:\/\/contraluzcucuta.co\/index.php?rest_route=\/wp\/v2\/users\/1"}],"replies":[{"embeddable":true,"href":"https:\/\/contraluzcucuta.co\/index.php?rest_route=%2Fwp%2Fv2%2Fcomments&post=33401"}],"version-history":[{"count":1,"href":"https:\/\/contraluzcucuta.co\/index.php?rest_route=\/wp\/v2\/posts\/33401\/revisions"}],"predecessor-version":[{"id":33403,"href":"https:\/\/contraluzcucuta.co\/index.php?rest_route=\/wp\/v2\/posts\/33401\/revisions\/33403"}],"wp:featuredmedia":[{"embeddable":true,"href":"https:\/\/contraluzcucuta.co\/index.php?rest_route=\/wp\/v2\/media\/33402"}],"wp:attachment":[{"href":"https:\/\/contraluzcucuta.co\/index.php?rest_route=%2Fwp%2Fv2%2Fmedia&parent=33401"}],"wp:term":[{"taxonomy":"category","embeddable":true,"href":"https:\/\/contraluzcucuta.co\/index.php?rest_route=%2Fwp%2Fv2%2Fcategories&post=33401"},{"taxonomy":"post_tag","embeddable":true,"href":"https:\/\/contraluzcucuta.co\/index.php?rest_route=%2Fwp%2Fv2%2Ftags&post=33401"}],"curies":[{"name":"wp","href":"https:\/\/api.w.org\/{rel}","templated":true}]}}