{"id":33398,"date":"2018-12-30T11:27:35","date_gmt":"2018-12-30T16:27:35","guid":{"rendered":"http:\/\/contraluzcucuta.co\/?p=33398"},"modified":"2018-12-30T11:27:35","modified_gmt":"2018-12-30T16:27:35","slug":"fundeu-bbva-microplastico-la-palabra-del-ano","status":"publish","type":"post","link":"https:\/\/contraluzcucuta.co\/?p=33398","title":{"rendered":"Fund\u00e9u BBVA. micropl\u00e1stico, la palabra del a\u00f1o"},"content":{"rendered":"<p style=\"padding-left: 60px;\"><span style=\"color: #ff6600;\"><em>Micropl\u00e1stico<\/em>, la voz que designa los peque\u00f1os fragmentos de pl\u00e1stico que se han convertido en una de las principales amenazas para el medioambiente y la salud de los seres humanos,\u00a0ha sido elegida palabra del a\u00f1o 2018 por la Fund\u00e9u BBVA.<\/span><\/p>\n<p>Esta es la sexta ocasi\u00f3n en la que la Fundaci\u00f3n del Espa\u00f1ol Urgente, promovida por la Agencia Efe y BBVA, da a conocer su palabra del a\u00f1o, escogida entre aquellos t\u00e9rminos que han estado presentes en mayor o menor medida en la actualidad informativa durante los \u00faltimos meses y tienen, adem\u00e1s, inter\u00e9s desde el punto de vista ling\u00fc\u00edstico.<\/p>\n<p>Tras elegir\u00a0<a href=\"https:\/\/fundeu.us17.list-manage.com\/track\/click?u=b75d994301bcfc5ac426684d9&amp;id=d12e94e9f9&amp;e=4b6a4ce42f\"><em>escrache\u00a0<\/em><\/a>en 2013,\u00a0<a href=\"https:\/\/fundeu.us17.list-manage.com\/track\/click?u=b75d994301bcfc5ac426684d9&amp;id=d09f3874d2&amp;e=4b6a4ce42f\"><em>selfi<\/em>\u00a0<\/a>en 2014,\u00a0<a href=\"https:\/\/fundeu.us17.list-manage.com\/track\/click?u=b75d994301bcfc5ac426684d9&amp;id=7879f16f70&amp;e=4b6a4ce42f\"><em>refugiado<\/em>\u00a0<\/a>en 2015,\u00a0<a href=\"https:\/\/fundeu.us17.list-manage.com\/track\/click?u=b75d994301bcfc5ac426684d9&amp;id=dd8638c30d&amp;e=4b6a4ce42f\"><em>populismo<\/em><\/a>\u00a0en 2016 y\u00a0<a href=\"https:\/\/fundeu.us17.list-manage.com\/track\/click?u=b75d994301bcfc5ac426684d9&amp;id=c47acbcaf2&amp;e=4b6a4ce42f\"><em>aporofobia<\/em><\/a>\u00a0en 2017, el equipo de la Fundaci\u00f3n ha optado en esta ocasi\u00f3n por\u00a0<a href=\"https:\/\/fundeu.us17.list-manage.com\/track\/click?u=b75d994301bcfc5ac426684d9&amp;id=8c4922c19c&amp;e=4b6a4ce42f\"><em>micropl\u00e1stico<\/em><\/a>, un t\u00e9rmino que pone el acento en la toma de conciencia en torno a uno de los grandes problemas medioambientales a los que se enfrenta la humanidad.<\/p>\n<p>Los micropl\u00e1sticos son peque\u00f1os fragmentos de pl\u00e1stico (menores de cinco mil\u00edmetros) que o bien se fabricaron ya con ese tama\u00f1o para ser empleados en productos de limpieza e higiene, o bien se han fragmentado de un pl\u00e1stico mayor (bolsas de la compra, envases de todo tipo\u2026) durante su proceso de descomposici\u00f3n.<\/p>\n<p>Su presencia en la arena de las playas, en los organismos de los animales, en la sal marina que consumimos y hasta en el agua que bebemos ha hecho saltar las alarmas y ha obligado a poner en marcha\u00a0medidas para reducir el consumo de los pl\u00e1sticos de un solo uso, responsables en buena parte del problema.<\/p>\n<p>Desde el punto de vista ling\u00fc\u00edstico, la Fund\u00e9u le dedic\u00f3 una de sus recomendaciones diarias a este t\u00e9rmino, que, aunque no aparece a\u00fan en la mayor\u00eda de los diccionarios de espa\u00f1ol,\u00a0est\u00e1 bien formado a partir del elemento compositivo\u00a0<em>micro-<\/em>\u00a0y el sustantivo\u00a0<em>pl\u00e1stico<\/em>.<\/p>\n<p>En esa recomendaci\u00f3n, la Fundaci\u00f3n recordaba que, como sucede en general con las palabras formadas con elementos compositivos, estos se escriben unidos a la voz a la que acompa\u00f1an, sin dejar en medio un espacio ni intercalar un guion (no\u00a0<em>micro pl\u00e1stico<\/em>\u00a0ni\u00a0<em>micro-pl\u00e1stico<\/em>).<\/p>\n<p>\u00abCuando hace unas semanas empezamos el proceso para elegir las doce candidatas a palabra del a\u00f1o 2018, nos encontramos con que, sin pretenderlo, la mayor\u00eda de los t\u00e9rminos que nos parec\u00edan m\u00e1s adecuados para definir de alg\u00fan modo el a\u00f1o que acaba eran del \u00e1mbito social (<em>mena<\/em>,\u00a0<em>los nadie<\/em>,\u00a0<em>micromachismo<\/em>) o del medioambiental (<em>micropl\u00e1stico<\/em>, <em>descarbonizar<\/em>,\u00a0<em>hibridar<\/em>\u2026)\u00bb, explica el director general de la Fund\u00e9u BBVA, Joaqu\u00edn Muller.<\/p>\n<p>\u00abCreemos que esa selecci\u00f3n muestra de alg\u00fan modo el perfil de un a\u00f1o en el que, adem\u00e1s de las grandes cuestiones pol\u00edticas y econ\u00f3micas, todos estamos volviendo nuestra mirada a otros asuntos de enorme trascendencia que a veces quedan eclipsados por otros grandes titulares en los medios de comunicaci\u00f3n\u00bb, a\u00f1ade.<\/p>\n<p>Si se repasan las recomendaciones emitidas por la Fundaci\u00f3n del Espa\u00f1ol Urgente, inspiradas en la mayor\u00eda de las ocasiones por las dudas y las consultas de los profesionales de los medios, se encuentran decenas de t\u00e9rminos relacionados con el medioambiente:\u00a0<a href=\"https:\/\/fundeu.us17.list-manage.com\/track\/click?u=b75d994301bcfc5ac426684d9&amp;id=4b93db7ad3&amp;e=4b6a4ce42f\"><em>ecocidio<\/em><\/a>,\u00a0<a href=\"https:\/\/fundeu.us17.list-manage.com\/track\/click?u=b75d994301bcfc5ac426684d9&amp;id=16e23371d7&amp;e=4b6a4ce42f\"><em>alargascencia<\/em><\/a>,\u00a0<a href=\"https:\/\/fundeu.us17.list-manage.com\/track\/click?u=b75d994301bcfc5ac426684d9&amp;id=cc97ad7ce5&amp;e=4b6a4ce42f\"><em>ecoimpostura<\/em>\u00a0o\u00a0<em>ecopostureo<\/em><\/a>,\u00a0<a href=\"https:\/\/fundeu.us17.list-manage.com\/track\/click?u=b75d994301bcfc5ac426684d9&amp;id=9f0326b376&amp;e=4b6a4ce42f\"><em>espigar<\/em><\/a>,\u00a0<a href=\"https:\/\/fundeu.us17.list-manage.com\/track\/click?u=b75d994301bcfc5ac426684d9&amp;id=3c4bacd292&amp;e=4b6a4ce42f\"><em>esmog<\/em><\/a>,\u00a0<a href=\"https:\/\/fundeu.us17.list-manage.com\/track\/click?u=b75d994301bcfc5ac426684d9&amp;id=8088089d51&amp;e=4b6a4ce42f\"><em>Hora del Planeta<\/em><\/a>\u2026\u00bb<\/p>\n<p>\u00abAs\u00ed que no es raro que entre las candidatas a palabra del a\u00f1o hubiera varias de ese \u00e1mbito ni que la finalmente elegida haya sido\u00a0<em>micropl\u00e1stico<\/em>\u00bb, asegura Muller.<\/p>\n<p>Antes de dar a conocer la decisi\u00f3n definitiva, la Fundaci\u00f3n public\u00f3 una relaci\u00f3n de doce palabras finalistas en la que, adem\u00e1s de las citadas (<em>micropl\u00e1stico<\/em>,\u00a0<a href=\"https:\/\/fundeu.us17.list-manage.com\/track\/click?u=b75d994301bcfc5ac426684d9&amp;id=cad9f3844d&amp;e=4b6a4ce42f\"><em>descabonizar<\/em><\/a>,\u00a0<a href=\"https:\/\/fundeu.us17.list-manage.com\/track\/click?u=b75d994301bcfc5ac426684d9&amp;id=aea1608953&amp;e=4b6a4ce42f\"><em>hibridar<\/em><\/a>,\u00a0<a href=\"https:\/\/fundeu.us17.list-manage.com\/track\/click?u=b75d994301bcfc5ac426684d9&amp;id=94e930e294&amp;e=4b6a4ce42f\"><em>mena<\/em><\/a>,\u00a0<a href=\"https:\/\/fundeu.us17.list-manage.com\/track\/click?u=b75d994301bcfc5ac426684d9&amp;id=fe9c64fa5c&amp;e=4b6a4ce42f\"><em>los nadie<\/em><\/a>\u00a0y\u00a0<a href=\"https:\/\/fundeu.us17.list-manage.com\/track\/click?u=b75d994301bcfc5ac426684d9&amp;id=e34eb14c90&amp;e=4b6a4ce42f\"><em>micromachismo<\/em><\/a>), figuraban voces como\u00a0<a href=\"https:\/\/fundeu.us17.list-manage.com\/track\/click?u=b75d994301bcfc5ac426684d9&amp;id=65c9ad9eac&amp;e=4b6a4ce42f\"><em>VAR<\/em><\/a>,\u00a0<a href=\"https:\/\/fundeu.us17.list-manage.com\/track\/click?u=b75d994301bcfc5ac426684d9&amp;id=ecbeeb3854&amp;e=4b6a4ce42f\"><em>sobreturismo<\/em><\/a>,\u00a0<a href=\"https:\/\/fundeu.us17.list-manage.com\/track\/click?u=b75d994301bcfc5ac426684d9&amp;id=12264ca2db&amp;e=4b6a4ce42f\"><em>procrastinar<\/em><\/a>,\u00a0<a href=\"https:\/\/fundeu.us17.list-manage.com\/track\/click?u=b75d994301bcfc5ac426684d9&amp;id=fbc1475e77&amp;e=4b6a4ce42f\"><em>arancel<\/em><\/a>,\u00a0<a href=\"https:\/\/fundeu.us17.list-manage.com\/track\/click?u=b75d994301bcfc5ac426684d9&amp;id=d0b4f23008&amp;e=4b6a4ce42f\"><em>data\u00edsmo<\/em><\/a>\u00a0y\u00a0<a href=\"https:\/\/fundeu.us17.list-manage.com\/track\/click?u=b75d994301bcfc5ac426684d9&amp;id=939a54ce71&amp;e=4b6a4ce42f\"><em>nacionalpopulismo<\/em><\/a>.<\/p>\n<p>Ver toda la informaci\u00f3n en el especial\u00a0<em><a href=\"https:\/\/fundeu.us17.list-manage.com\/track\/click?u=b75d994301bcfc5ac426684d9&amp;id=79f3b7caf6&amp;e=4b6a4ce42f\">Palabra del a\u00f1o 2018<\/a>.<\/em><\/p>\n","protected":false},"excerpt":{"rendered":"<p>Micropl\u00e1stico, la voz que designa los peque\u00f1os fragmentos de pl\u00e1stico que se han convertido en una de las principales amenazas para el medioambiente y la salud de los seres humanos,\u00a0ha sido elegida palabra del a\u00f1o 2018 por la Fund\u00e9u BBVA. Esta es la sexta ocasi\u00f3n en la que la Fundaci\u00f3n del Espa\u00f1ol Urgente, promovida por &hellip;<\/p>\n","protected":false},"author":1,"featured_media":33399,"comment_status":"open","ping_status":"open","sticky":false,"template":"","format":"standard","meta":{"footnotes":""},"categories":[4,37],"tags":[4385,4384,4383],"class_list":["post-33398","post","type-post","status-publish","format-standard","has-post-thumbnail","hentry","category-barra","category-paseo-cultural","tag-espanol-urgente","tag-fundeu-bbva","tag-microplastico"],"_links":{"self":[{"href":"https:\/\/contraluzcucuta.co\/index.php?rest_route=\/wp\/v2\/posts\/33398","targetHints":{"allow":["GET"]}}],"collection":[{"href":"https:\/\/contraluzcucuta.co\/index.php?rest_route=\/wp\/v2\/posts"}],"about":[{"href":"https:\/\/contraluzcucuta.co\/index.php?rest_route=\/wp\/v2\/types\/post"}],"author":[{"embeddable":true,"href":"https:\/\/contraluzcucuta.co\/index.php?rest_route=\/wp\/v2\/users\/1"}],"replies":[{"embeddable":true,"href":"https:\/\/contraluzcucuta.co\/index.php?rest_route=%2Fwp%2Fv2%2Fcomments&post=33398"}],"version-history":[{"count":1,"href":"https:\/\/contraluzcucuta.co\/index.php?rest_route=\/wp\/v2\/posts\/33398\/revisions"}],"predecessor-version":[{"id":33400,"href":"https:\/\/contraluzcucuta.co\/index.php?rest_route=\/wp\/v2\/posts\/33398\/revisions\/33400"}],"wp:featuredmedia":[{"embeddable":true,"href":"https:\/\/contraluzcucuta.co\/index.php?rest_route=\/wp\/v2\/media\/33399"}],"wp:attachment":[{"href":"https:\/\/contraluzcucuta.co\/index.php?rest_route=%2Fwp%2Fv2%2Fmedia&parent=33398"}],"wp:term":[{"taxonomy":"category","embeddable":true,"href":"https:\/\/contraluzcucuta.co\/index.php?rest_route=%2Fwp%2Fv2%2Fcategories&post=33398"},{"taxonomy":"post_tag","embeddable":true,"href":"https:\/\/contraluzcucuta.co\/index.php?rest_route=%2Fwp%2Fv2%2Ftags&post=33398"}],"curies":[{"name":"wp","href":"https:\/\/api.w.org\/{rel}","templated":true}]}}