{"id":33391,"date":"2018-12-28T20:05:49","date_gmt":"2018-12-29T01:05:49","guid":{"rendered":"http:\/\/contraluzcucuta.co\/?p=33391"},"modified":"2018-12-28T20:05:49","modified_gmt":"2018-12-29T01:05:49","slug":"internacion-temporal-firmado-decreto-que-amplia-plazo-para-tramitar-y-renovar-autorizacion","status":"publish","type":"post","link":"https:\/\/contraluzcucuta.co\/?p=33391","title":{"rendered":"INTERNACI\u00d3N TEMPORAL. Firmado Decreto que ampl\u00eda plazo para tramitar y renovar autorizaci\u00f3n"},"content":{"rendered":"<p style=\"padding-left: 60px;\"><span style=\"color: #ff6600;\"><strong>BOGOT\u00c1.-<\/strong> Hasta antes del 27 de junio de 2020, los propietarios de veh\u00edculos, motocicletas y embarcaciones fluviales menores tendr\u00e1n plazo para formalizar la internaci\u00f3n en las Unidades Especiales de Desarrollo Fronterizo.<\/span><\/p>\n<p>Mediante el Decreto 2453, firmado por el presidente Iv\u00e1n Duque y cuatro ministros, el Gobierno ampli\u00f3 los plazos para presentar la solicitud y la renovaci\u00f3n de la autorizaci\u00f3n de internaci\u00f3n temporal de veh\u00edculos de distinto tipo, que ingresan y circulan especialmente en zonas fronterizas.<\/p>\n<p>El art\u00edculo primero establece que se modifica el par\u00e1grafo transitorio 1 del art\u00edculo 2.3.11.2.2 del Decreto 1079 de 2015, en los siguientes t\u00e9rminos:<\/p>\n<ul>\n<li><em>Los veh\u00edculos, motocicletas o embarcaciones fluviales menores que correspondan a modelos matriculados hasta el 19 de agosto de 2015, hayan ingresado desde Venezuela a territorio colombiano y circulen en las llamadas Unidades Especiales de Desarrollo Fronterizo sin tener la autorizaci\u00f3n de internaci\u00f3n temporal respectiva, \u201cdeber\u00e1n proceder a solicitar dicha autorizaci\u00f3n ante la autoridad competente antes del 27 de junio de 2020, para lo cual deber\u00e1n cumplir los requisitos establecidos en el presente art\u00edculo, con excepci\u00f3n de los numerales 3 y 7\u201d.<\/em><\/li>\n<\/ul>\n<p>El art\u00edculo 2 modifica el par\u00e1grafo del art\u00edculo 2.3.11.2.4 del Decreto 1079. El par\u00e1grafo modificado establece que:<\/p>\n<ul>\n<li><em>Los veh\u00edculos, motocicletas y embarcaciones fluviales menores con matr\u00edcula de un pa\u00eds vecino, que al 27 de diciembre de 2017 contaban con autorizaci\u00f3n de internaci\u00f3n temporal vigente \u201cdeber\u00e1n realizar el tr\u00e1mite de renovaci\u00f3n de la autorizaci\u00f3n de internaci\u00f3n temporal antes del 27 de junio de 2020, para lo cual deber\u00e1n cumplir con los requisitos establecidos en el presente t\u00edtulo, so pena de la aplicaci\u00f3n de las medidas de aprehensi\u00f3n y decomiso\u201d.<\/em><\/li>\n<\/ul>\n<p>El art\u00edculo 3 modifica el art\u00edculo 2.3.11.2.8 del Decreto 1079, el cual quedar\u00e1 as\u00ed:<\/p>\n<ul>\n<li><em>\u201cArt\u00edculo 2.3.11.2.8. Transitorio para veh\u00edculos internados temporalmente en vigencia de los decretos 3413 y 3575 de 2004 y 400 de 2005. Los propietarios de los veh\u00edculos que hayan sido internados temporalmente en vigencia de los decretos 3413 y 3575 de 2004 y 400 de 2005 y que no cuenten con la autorizaci\u00f3n vigente, deber\u00e1n formalizar su permanencia antes del 27 de junio de 2020\u201d.<\/em><\/li>\n<\/ul>\n<p>La norma se\u00f1ala que durante este tiempo los propietarios de los veh\u00edculos descritos tendr\u00e1n que presentarse ante la autoridad competente de la Unidad Especial de Desarrollo Fronterizo en la que se encuentren, para el registro y la normalizaci\u00f3n, acreditando el cumplimiento de los requisitos establecidos en la norma.<\/p>\n<p>El Decreto \u2013 que modifica art\u00edculos del Decreto 1079 de 2015 o Decreto \u00danico Reglamentario del Sector Transporte &#8211; tiene las firmas de los ministros de Relaciones Exteriores, Carlos Holmes Trujillo; Hacienda y Cr\u00e9dito P\u00fablico, Alberto Carrasquilla; Comercio, Industria y Turismo, Jos\u00e9 Manuel Restrepo, y Transporte, \u00c1ngela Mar\u00eda Orozco.<\/p>\n","protected":false},"excerpt":{"rendered":"<p>BOGOT\u00c1.- Hasta antes del 27 de junio de 2020, los propietarios de veh\u00edculos, motocicletas y embarcaciones fluviales menores tendr\u00e1n plazo para formalizar la internaci\u00f3n en las Unidades Especiales de Desarrollo Fronterizo. Mediante el Decreto 2453, firmado por el presidente Iv\u00e1n Duque y cuatro ministros, el Gobierno ampli\u00f3 los plazos para presentar la solicitud y la &hellip;<\/p>\n","protected":false},"author":1,"featured_media":33393,"comment_status":"open","ping_status":"open","sticky":false,"template":"","format":"standard","meta":{"footnotes":""},"categories":[45,4],"tags":[3970],"class_list":["post-33391","post","type-post","status-publish","format-standard","has-post-thumbnail","hentry","category-destacado","category-barra","tag-internacion-de-vehiculos"],"_links":{"self":[{"href":"https:\/\/contraluzcucuta.co\/index.php?rest_route=\/wp\/v2\/posts\/33391","targetHints":{"allow":["GET"]}}],"collection":[{"href":"https:\/\/contraluzcucuta.co\/index.php?rest_route=\/wp\/v2\/posts"}],"about":[{"href":"https:\/\/contraluzcucuta.co\/index.php?rest_route=\/wp\/v2\/types\/post"}],"author":[{"embeddable":true,"href":"https:\/\/contraluzcucuta.co\/index.php?rest_route=\/wp\/v2\/users\/1"}],"replies":[{"embeddable":true,"href":"https:\/\/contraluzcucuta.co\/index.php?rest_route=%2Fwp%2Fv2%2Fcomments&post=33391"}],"version-history":[{"count":1,"href":"https:\/\/contraluzcucuta.co\/index.php?rest_route=\/wp\/v2\/posts\/33391\/revisions"}],"predecessor-version":[{"id":33394,"href":"https:\/\/contraluzcucuta.co\/index.php?rest_route=\/wp\/v2\/posts\/33391\/revisions\/33394"}],"wp:featuredmedia":[{"embeddable":true,"href":"https:\/\/contraluzcucuta.co\/index.php?rest_route=\/wp\/v2\/media\/33393"}],"wp:attachment":[{"href":"https:\/\/contraluzcucuta.co\/index.php?rest_route=%2Fwp%2Fv2%2Fmedia&parent=33391"}],"wp:term":[{"taxonomy":"category","embeddable":true,"href":"https:\/\/contraluzcucuta.co\/index.php?rest_route=%2Fwp%2Fv2%2Fcategories&post=33391"},{"taxonomy":"post_tag","embeddable":true,"href":"https:\/\/contraluzcucuta.co\/index.php?rest_route=%2Fwp%2Fv2%2Ftags&post=33391"}],"curies":[{"name":"wp","href":"https:\/\/api.w.org\/{rel}","templated":true}]}}