{"id":33381,"date":"2018-12-28T18:42:30","date_gmt":"2018-12-28T23:42:30","guid":{"rendered":"http:\/\/contraluzcucuta.co\/?p=33381"},"modified":"2018-12-28T18:42:30","modified_gmt":"2018-12-28T23:42:30","slug":"puente-benito-hernandez-segunda-calzada-permite-mayor-circulacion-entre-cucuta-y-los-patios","status":"publish","type":"post","link":"https:\/\/contraluzcucuta.co\/?p=33381","title":{"rendered":"PUENTE BENITO HERN\u00c1NDEZ. Segunda calzada permite mayor circulaci\u00f3n entre C\u00facuta y Los Patios"},"content":{"rendered":"<p style=\"padding-left: 60px;\"><span style=\"color: #ff6600;\"><strong>C\u00daCUTA.<\/strong> La segunda calzada del Puente Benito Hern\u00e1ndez, que une a C\u00facuta con Los Patios, fue puesta al servicio, por la Agencia Nacional de Infraestructura (ANI) y el Instituto Nacional de V\u00edas (Inv\u00edas).<\/span><\/p>\n<p>\u201cEste puente con doble calzada servir\u00e1 para mejorar no sola la movilidad, sino la calidad de vida de los habitantes de la regi\u00f3n\u201d, dijo la ministra de Transporte, \u00c1ngela Mar\u00eda Orozco. La obra tuvo una inversi\u00f3n superior a los $11.900 millones y hace parte del paquete de obras viales en el \u00c1rea Metropolitana de C\u00facuta, ejecutadas por la Concesionaria San Sim\u00f3n.<\/p>\n<p>La entrada en funcionamiento de la calzada mejorar\u00e1 la movilidad \u00a0y permitir\u00e1 un ahorro de tiempo que reducir\u00e1\u00a0 los costos de operaci\u00f3n vehicular. Es una estructura elevada, tipo viaducto, con longitud de 425 metros, compuesta de dos carriles de circulaci\u00f3n y un and\u00e9n peatonal, que permitir\u00e1 mejorar la circulaci\u00f3n en este sector donde exist\u00edan represamientos vehiculares por alto volumen de tr\u00e1fico.<\/p>\n<p>El proyecto garantiza mayor seguridad vial en cada una de las v\u00edas concesionadas, debido a que permanecen se\u00f1alizadas y en condiciones \u00f3ptimas para el tr\u00e1nsito de peatones y usuarios de las v\u00edas.<\/p>\n","protected":false},"excerpt":{"rendered":"<p>C\u00daCUTA. La segunda calzada del Puente Benito Hern\u00e1ndez, que une a C\u00facuta con Los Patios, fue puesta al servicio, por la Agencia Nacional de Infraestructura (ANI) y el Instituto Nacional de V\u00edas (Inv\u00edas). \u201cEste puente con doble calzada servir\u00e1 para mejorar no sola la movilidad, sino la calidad de vida de los habitantes de la &hellip;<\/p>\n","protected":false},"author":1,"featured_media":33383,"comment_status":"open","ping_status":"open","sticky":false,"template":"","format":"standard","meta":{"footnotes":""},"categories":[4,32],"tags":[487,3420,2056],"class_list":["post-33381","post","type-post","status-publish","format-standard","has-post-thumbnail","hentry","category-barra","category-recorrido-por-la-region","tag-ani","tag-ministerio-de-transporte","tag-puente-benito-hernandez"],"_links":{"self":[{"href":"https:\/\/contraluzcucuta.co\/index.php?rest_route=\/wp\/v2\/posts\/33381","targetHints":{"allow":["GET"]}}],"collection":[{"href":"https:\/\/contraluzcucuta.co\/index.php?rest_route=\/wp\/v2\/posts"}],"about":[{"href":"https:\/\/contraluzcucuta.co\/index.php?rest_route=\/wp\/v2\/types\/post"}],"author":[{"embeddable":true,"href":"https:\/\/contraluzcucuta.co\/index.php?rest_route=\/wp\/v2\/users\/1"}],"replies":[{"embeddable":true,"href":"https:\/\/contraluzcucuta.co\/index.php?rest_route=%2Fwp%2Fv2%2Fcomments&post=33381"}],"version-history":[{"count":1,"href":"https:\/\/contraluzcucuta.co\/index.php?rest_route=\/wp\/v2\/posts\/33381\/revisions"}],"predecessor-version":[{"id":33384,"href":"https:\/\/contraluzcucuta.co\/index.php?rest_route=\/wp\/v2\/posts\/33381\/revisions\/33384"}],"wp:featuredmedia":[{"embeddable":true,"href":"https:\/\/contraluzcucuta.co\/index.php?rest_route=\/wp\/v2\/media\/33383"}],"wp:attachment":[{"href":"https:\/\/contraluzcucuta.co\/index.php?rest_route=%2Fwp%2Fv2%2Fmedia&parent=33381"}],"wp:term":[{"taxonomy":"category","embeddable":true,"href":"https:\/\/contraluzcucuta.co\/index.php?rest_route=%2Fwp%2Fv2%2Fcategories&post=33381"},{"taxonomy":"post_tag","embeddable":true,"href":"https:\/\/contraluzcucuta.co\/index.php?rest_route=%2Fwp%2Fv2%2Ftags&post=33381"}],"curies":[{"name":"wp","href":"https:\/\/api.w.org\/{rel}","templated":true}]}}