{"id":33375,"date":"2018-12-27T10:02:07","date_gmt":"2018-12-27T15:02:07","guid":{"rendered":"http:\/\/contraluzcucuta.co\/?p=33375"},"modified":"2018-12-27T10:02:07","modified_gmt":"2018-12-27T15:02:07","slug":"cucuta-deportivo-el-gallego-mendez-nuevo-entrenador-rojinegro","status":"publish","type":"post","link":"https:\/\/contraluzcucuta.co\/?p=33375","title":{"rendered":"C\u00daCUTA DEPORTIVO. El \u2018Gallego\u2019 M\u00e9ndez, nuevo entrenador rojinegro"},"content":{"rendered":"<p style=\"padding-left: 60px;\"><span style=\"color: #ff6600;\"><strong>C\u00daCUTA.-<\/strong> El argentino Sebasti\u00e1n Ariel M\u00e9ndez es el nuevo director t\u00e9cnico del C\u00facuta Deportivo. Remplaza al tambi\u00e9n argentino Lucas Pusineri, de extraordinario paso por las filas motilona. \u2018El Gallego\u2019 estar\u00e1 acompa\u00f1ado de Adri\u00e1n Gonz\u00e1lez (asistente t\u00e9cnico) y Julio Chalares (preparador f\u00edsico).<\/span><\/p>\n<p>El once rojinegro vivi\u00f3 una de las mejores temporadas en el 2018, de la mano de Pusineri, y regres\u00f3 a la primera categor\u00eda del f\u00fatbol profesional colombiano. En el a\u00f1o perdi\u00f3 solo dos partidos, mantuvo el invicto durante 22 fechas y lider\u00f3 buena parte del a\u00f1o la tabla de la reclasificaci\u00f3n.<\/p>\n<p>La afici\u00f3n regres\u00f3 a los grader\u00edos del General Santander en los \u00faltimos encuentros para atestiguar el ascenso a la A y ver levantar de nuevo la copa como campe\u00f3n de la B. De nuevo se vivi\u00f3 la fiesta futbolera en el estadio y los hinchas auparon a los triunfadores por devolverles la fe en el equipo y la esperanza de estar entre los grandes del balompi\u00e9 nacional.<\/p>\n<p>El nuevo cuerpo t\u00e9cnico iniciar\u00e1 labores el 4 de enero, en C\u00facuta, donde comenzar\u00e1 la pretemporada del plantel que afrontar\u00e1 la Liga. El list\u00f3n dejado por los antecesores es alto, con m\u00e1s del 80 por ciento del rendimiento, un t\u00edtulo y otros \u00eddolos que se metieron en el coraz\u00f3n de los hinchas.<\/p>\n<p>En la trayectoria del t\u00e9cnico M\u00e9ndez destaca que jug\u00f3 en V\u00e9lez Sarsfield, Celta de Vigo, San Lorenzo y Banfield, como defensor. En 2010, comenz\u00f3 la carrera como entrenador en San Lorenzo; en 2011 dirigi\u00f3 a Banfield; en 2013 y 2014, estuvo a cargo del Atlanta y Platense; en el 2015 tom\u00f3 las riendas de Gimnasia y Esgrima de Jujuy; \u00a0en 2016 estuvo en Godoy Cruz de Mendoza; en 2017 en Belgrano de C\u00f3rdoba, y en 2018 pas\u00f3 por el f\u00fatbol chileno en el Club Deportivo Palestino, primera experiencia fuera de la Argentina.<\/p>\n<p>El amplio recorrido de Sebasti\u00e1n M\u00e9ndez se contrapone a la experiencia con la que lleg\u00f3 Pusineri a las toldas motilonas. \u2018El Gallego\u2019 llega al C\u00facuta Deportivo con 155 partidos como entrenador profesional. El objetivo primordial de Lucas era ascender a la A y el de M\u00e9ndez es mantener el equipo rojinegro en la categor\u00eda. Pusineri alcanz\u00f3 el t\u00edtulo en Segunda y Sebati\u00e1n buscar\u00e1 protagonismo en los campeonatos que dispute en la siguiente temporada.<\/p>\n<p>La historia recuerda que C\u00facuta Deportivo fue subcampe\u00f3n en 1964 y campe\u00f3n en el 2006, de la primera divisi\u00f3n. Tiene tres t\u00edtulos en la B. Lleg\u00f3 a semifinales de la Copa Libertadores, en el 2007. Es considerado uno de los equipos hist\u00f3ricos del f\u00fatbol profesional colombiano y reconocido por la pasi\u00f3n entre los aficionados.<\/p>\n","protected":false},"excerpt":{"rendered":"<p>C\u00daCUTA.- El argentino Sebasti\u00e1n Ariel M\u00e9ndez es el nuevo director t\u00e9cnico del C\u00facuta Deportivo. Remplaza al tambi\u00e9n argentino Lucas Pusineri, de extraordinario paso por las filas motilona. \u2018El Gallego\u2019 estar\u00e1 acompa\u00f1ado de Adri\u00e1n Gonz\u00e1lez (asistente t\u00e9cnico) y Julio Chalares (preparador f\u00edsico). El once rojinegro vivi\u00f3 una de las mejores temporadas en el 2018, de la &hellip;<\/p>\n","protected":false},"author":1,"featured_media":33376,"comment_status":"open","ping_status":"open","sticky":false,"template":"","format":"standard","meta":{"footnotes":""},"categories":[4,28],"tags":[4378,182,4379],"class_list":["post-33375","post","type-post","status-publish","format-standard","has-post-thumbnail","hentry","category-barra","category-vistazo-deportivo","tag-cucuta-deportivo-2019","tag-futbol-colombiano","tag-sebastian-mendez"],"_links":{"self":[{"href":"https:\/\/contraluzcucuta.co\/index.php?rest_route=\/wp\/v2\/posts\/33375","targetHints":{"allow":["GET"]}}],"collection":[{"href":"https:\/\/contraluzcucuta.co\/index.php?rest_route=\/wp\/v2\/posts"}],"about":[{"href":"https:\/\/contraluzcucuta.co\/index.php?rest_route=\/wp\/v2\/types\/post"}],"author":[{"embeddable":true,"href":"https:\/\/contraluzcucuta.co\/index.php?rest_route=\/wp\/v2\/users\/1"}],"replies":[{"embeddable":true,"href":"https:\/\/contraluzcucuta.co\/index.php?rest_route=%2Fwp%2Fv2%2Fcomments&post=33375"}],"version-history":[{"count":1,"href":"https:\/\/contraluzcucuta.co\/index.php?rest_route=\/wp\/v2\/posts\/33375\/revisions"}],"predecessor-version":[{"id":33377,"href":"https:\/\/contraluzcucuta.co\/index.php?rest_route=\/wp\/v2\/posts\/33375\/revisions\/33377"}],"wp:featuredmedia":[{"embeddable":true,"href":"https:\/\/contraluzcucuta.co\/index.php?rest_route=\/wp\/v2\/media\/33376"}],"wp:attachment":[{"href":"https:\/\/contraluzcucuta.co\/index.php?rest_route=%2Fwp%2Fv2%2Fmedia&parent=33375"}],"wp:term":[{"taxonomy":"category","embeddable":true,"href":"https:\/\/contraluzcucuta.co\/index.php?rest_route=%2Fwp%2Fv2%2Fcategories&post=33375"},{"taxonomy":"post_tag","embeddable":true,"href":"https:\/\/contraluzcucuta.co\/index.php?rest_route=%2Fwp%2Fv2%2Ftags&post=33375"}],"curies":[{"name":"wp","href":"https:\/\/api.w.org\/{rel}","templated":true}]}}