{"id":33350,"date":"2018-12-17T18:42:50","date_gmt":"2018-12-17T23:42:50","guid":{"rendered":"http:\/\/contraluzcucuta.co\/?p=33350"},"modified":"2018-12-17T18:42:50","modified_gmt":"2018-12-17T23:42:50","slug":"carta-de-fenalco-lo-que-no-logramos-ver-en-el-2018","status":"publish","type":"post","link":"https:\/\/contraluzcucuta.co\/?p=33350","title":{"rendered":"CARTA DE FENALCO. Lo que no logramos ver en el 2018"},"content":{"rendered":"<p style=\"padding-left: 60px;\"><span style=\"color: #ff6600;\"><strong>C\u00daCUTA.-<\/strong> Lleg\u00f3 Navidad, se acab\u00f3 el 2018 y por esta \u00e9poca se suele hacer balances de lo que hemos logrado, lo que nos qued\u00f3 pendiente y, por qu\u00e9 no, de aquello que nos caus\u00f3 frustraci\u00f3n. Revisamos las gestiones del alcalde \u00a0(C\u00e9sar Rojas) para solucionar los problemas de la ciudad, encontramos que en algunos avanzamos y en otros no.<\/span><\/p>\n<p><strong>INFRAESTRUCTURA VIAL<\/strong><\/p>\n<p>Se termin\u00f3 el a\u00f1o y la ciudad queda con una preocupante malla vial deteriorada que no fue atendida, a pesar de que muchos cucute\u00f1os iniciamos a pagar las obras, con un pr\u00e9stamo que nos hizo la Alcald\u00eda de C\u00facuta con intereses del Estado. Sabemos que estos son casi bordeando la tasa de usura, sab\u00edamos desde el principio que esta administraci\u00f3n no alcanzar\u00eda a dejar las obras por las que se est\u00e1 cobrando. Hoy el resultado es una malla absolutamente deteriorada que no se compadece con la belleza y amplitud de nuestras calles y avenidas.<\/p>\n<p><strong>PROGRAMAS DE BIENESTAR SOCIAL<\/strong><\/p>\n<p>Sobre el particular la ciudad avanz\u00f3 con las gestiones del se\u00f1or Alcalde en la b\u00fasqueda de mejoramiento de programas de bienestar social, queriendo dar respuesta a una delicada situaci\u00f3n social que persiste en la ciudad. Son innegables las obras en los barrios en parques para el sano esparcimiento de ni\u00f1os y j\u00f3venes que dan otra alternativa de convivencia en comunidad, adem\u00e1s que favorece el desarrollo de la actividad f\u00edsica y mental de los cucute\u00f1os.<\/p>\n<p><strong>EDUCACI\u00d3N<\/strong><\/p>\n<p>En la rendici\u00f3n de cuentas, el Alcalde ratific\u00f3 el compromiso con la educaci\u00f3n de los cucute\u00f1os, al mejorar no s\u00f3lo la infraestructura de los colegios p\u00fablicos, sino en vigilar un mejoramiento de la calidad educativa en la cual, seg\u00fan cifras, son casi $ 30.000 millones invertidos, absolutamente necesarios.<\/p>\n<p><strong>ESPACIOS P\u00daBLICOS<\/strong><\/p>\n<p>A pesar de que este a\u00f1o vivimos una presencia inusitada de ventas ambulantes en la ciudad, Fenalco reconoce algunos esfuerzos por controlar este fen\u00f3meno; sin embargo, la ocupaci\u00f3n del Centro Comercial a Cielo Abierto preocupa a la comunidad, adem\u00e1s porque el comercio debe convivir con un amueblamiento urbano que ha empezado a resurgir y la afectaci\u00f3n de la salud mental que ocasionan los meg\u00e1fonos produciendo contaminaci\u00f3n auditiva. Esperamos que pasada la temporada de Navidad, la ciudad vuelva a recuperar los espacios que han sido apropiados para la comunidad, pero sobre todo que se controle lo que parece ser la \u00fanica forma de supervivencia de muchas personas, dadas las condiciones de desempleo que tenemos. Lo cierto es que lo que no se controla continuamente, se convierte en anarqu\u00eda.<\/p>\n<p><strong>SEGURIDAD CIUDADANA<\/strong><\/p>\n<p>En tal sentido, debemos seguir avanzando en garantizar la seguridad ciudadana, si bien reconocemos que se han mejorado los indicadores de este problema, no es menos cierto que parece ser la consecuencia de otros males enquistados en la ciudad, por lo que pedimos mayor eficacia en controlarla.<\/p>\n<p><strong>DESARROLLO DE LA CAPACIDAD EMPRESARIAL<\/strong><\/p>\n<p>Los cucute\u00f1os debemos desarrollar el apego por la regi\u00f3n, con el fin de promover el consumo de nuestros productos, que son tan buenos como otros hechos en otro lugar. Nos falta fe para respaldar estas iniciativas que son de vital importancia para el desarrollo empresarial.<\/p>\n<p>De las propuestas nacionales, la regi\u00f3n debe exigir al Gobierno que cualquier iniciativa que pretenda atraer inversi\u00f3n extranjera debe ser equitativa para los empresarios, que son los que permanecen haciendo ciudad, de lo contrario habr\u00e1 desigualdad.<\/p>\n","protected":false},"excerpt":{"rendered":"<p>C\u00daCUTA.- Lleg\u00f3 Navidad, se acab\u00f3 el 2018 y por esta \u00e9poca se suele hacer balances de lo que hemos logrado, lo que nos qued\u00f3 pendiente y, por qu\u00e9 no, de aquello que nos caus\u00f3 frustraci\u00f3n. Revisamos las gestiones del alcalde \u00a0(C\u00e9sar Rojas) para solucionar los problemas de la ciudad, encontramos que en algunos avanzamos y &hellip;<\/p>\n","protected":false},"author":1,"featured_media":33351,"comment_status":"open","ping_status":"open","sticky":false,"template":"","format":"standard","meta":{"footnotes":""},"categories":[14,4],"tags":[1357,1526],"class_list":["post-33350","post","type-post","status-publish","format-standard","has-post-thumbnail","hentry","category-articulistas","category-barra","tag-carta-de-fenalco","tag-fenalco-norte-de-santander"],"_links":{"self":[{"href":"https:\/\/contraluzcucuta.co\/index.php?rest_route=\/wp\/v2\/posts\/33350","targetHints":{"allow":["GET"]}}],"collection":[{"href":"https:\/\/contraluzcucuta.co\/index.php?rest_route=\/wp\/v2\/posts"}],"about":[{"href":"https:\/\/contraluzcucuta.co\/index.php?rest_route=\/wp\/v2\/types\/post"}],"author":[{"embeddable":true,"href":"https:\/\/contraluzcucuta.co\/index.php?rest_route=\/wp\/v2\/users\/1"}],"replies":[{"embeddable":true,"href":"https:\/\/contraluzcucuta.co\/index.php?rest_route=%2Fwp%2Fv2%2Fcomments&post=33350"}],"version-history":[{"count":1,"href":"https:\/\/contraluzcucuta.co\/index.php?rest_route=\/wp\/v2\/posts\/33350\/revisions"}],"predecessor-version":[{"id":33352,"href":"https:\/\/contraluzcucuta.co\/index.php?rest_route=\/wp\/v2\/posts\/33350\/revisions\/33352"}],"wp:featuredmedia":[{"embeddable":true,"href":"https:\/\/contraluzcucuta.co\/index.php?rest_route=\/wp\/v2\/media\/33351"}],"wp:attachment":[{"href":"https:\/\/contraluzcucuta.co\/index.php?rest_route=%2Fwp%2Fv2%2Fmedia&parent=33350"}],"wp:term":[{"taxonomy":"category","embeddable":true,"href":"https:\/\/contraluzcucuta.co\/index.php?rest_route=%2Fwp%2Fv2%2Fcategories&post=33350"},{"taxonomy":"post_tag","embeddable":true,"href":"https:\/\/contraluzcucuta.co\/index.php?rest_route=%2Fwp%2Fv2%2Ftags&post=33350"}],"curies":[{"name":"wp","href":"https:\/\/api.w.org\/{rel}","templated":true}]}}