{"id":33347,"date":"2018-12-17T17:41:15","date_gmt":"2018-12-17T22:41:15","guid":{"rendered":"http:\/\/contraluzcucuta.co\/?p=33347"},"modified":"2018-12-17T17:41:15","modified_gmt":"2018-12-17T22:41:15","slug":"informe-de-la-fm-fiscalia-pide-investigar-a-william-willamizar-por-contratacion-en-hospital-de-abrego","status":"publish","type":"post","link":"https:\/\/contraluzcucuta.co\/?p=33347","title":{"rendered":"INFORME DE LA FM. Fiscal\u00eda pide investigar a William Willamizar por contrataci\u00f3n en hospital de \u00c1brego"},"content":{"rendered":"<p style=\"padding-left: 60px;\"><span style=\"color: #ff6600;\"><strong>BOGOT\u00c1.-<\/strong> La FM conoci\u00f3 en primicia que hace dos semanas la Fiscal\u00eda solicit\u00f3 a un fiscal delegado ante la Corte Suprema de Justicia investigar al gobernador de Norte de Santander, William Villamizar, por presunta participaci\u00f3n en actos de corrupci\u00f3n en el hospital de \u00c1brego.<\/span><\/p>\n<p>La decisi\u00f3n se bas\u00f3 en el testimonio de la gerente del hospital, Melissa Llian G\u00f3mez, quien le asegur\u00f3 a la Fiscal\u00eda que, en su despacho, el Gobernador imparti\u00f3 instrucciones para repartir la contrataci\u00f3n del hospital.<\/p>\n<p>Seg\u00fan el testimonio de G\u00f3mez, 30 % de los contratos le correspond\u00edan al gobernador Villamizar; el 50 % al representante a la C\u00e1mara por Norte de Santander, Wilmer Carrillo, y el 20 % al representante por el departamento Ciro Rodr\u00edguez.<\/p>\n<p>La FM tuvo acceso a la ampliaci\u00f3n de interrogatorio de G\u00f3mez, quien est\u00e1 en busca de un principio de oportunidad. La gerente relat\u00f3 c\u00f3mo el congresista Carrillo recibir\u00eda pagos mensuales por $ 20 millones, a cambio de mantener uno de los contratos.<\/p>\n<p>G\u00f3mez asegur\u00f3 que en el hospital no se ejecutaba una sola contrataci\u00f3n sin el aval del gobernador Villamizar. Por este caso hay siete capturados.<\/p>\n<p><strong>El caso en la Fiscal\u00eda<\/strong><\/p>\n<p>El 12 de junio, el Juzgado Primero Penal Ambulante de C\u00facuta (Norte de Santander) acogi\u00f3 la petici\u00f3n de la Fiscal\u00eda e impuso medida no privativa de la libertad para las tres procesadas que prestan servicios para la ESE Hospital Noroccidental de \u00c1brego, por las presuntas irregularidades encontradas en diferentes procesos contractuales.<\/p>\n<p>La decisi\u00f3n del juez orden\u00f3 la comparecencia mensual, la prohibici\u00f3n para salir del pa\u00eds y el pago de una fianza. Las hoy procesadas son Melisa Andrea Llain G\u00f3mez, gerente del hospital; Camila Vanesa Torrado Vergel, subgerente, y Claudia Coronel Barriga, asesora jur\u00eddica externa de la ESE. Fueron capturadas por el CTI de la Fiscal\u00eda el 6 de junio.<\/p>\n<p>A Llain G\u00f3mez y Coronel Barriga el organismo acusador les endilg\u00f3 los delitos de peculado por apropiaci\u00f3n y celebraci\u00f3n de contrato sin cumplimiento de requisitos legales, mientras que a Torrado Vergel le imput\u00f3 solo el primer cargo.<\/p>\n<p>Presuntamente, las investigadas se apropiaron de los recursos de contratos para el suministro de combustible de las ambulancias del hospital, as\u00ed como del contrato de obra civil 053 entre 2016 y 2017. La defraudaci\u00f3n se calcula en $ 3000 millones.<\/p>\n","protected":false},"excerpt":{"rendered":"<p>BOGOT\u00c1.- La FM conoci\u00f3 en primicia que hace dos semanas la Fiscal\u00eda solicit\u00f3 a un fiscal delegado ante la Corte Suprema de Justicia investigar al gobernador de Norte de Santander, William Villamizar, por presunta participaci\u00f3n en actos de corrupci\u00f3n en el hospital de \u00c1brego. La decisi\u00f3n se bas\u00f3 en el testimonio de la gerente del &hellip;<\/p>\n","protected":false},"author":1,"featured_media":33348,"comment_status":"open","ping_status":"open","sticky":false,"template":"","format":"standard","meta":{"footnotes":""},"categories":[11,4],"tags":[4373,3776,2800,4372,4268],"class_list":["post-33347","post","type-post","status-publish","format-standard","has-post-thumbnail","hentry","category-cronica-roja","category-barra","tag-ciro-rodriguez","tag-fiscalia-general-de-la-nacion","tag-gobernador-william-villamizar","tag-la-fm","tag-wilmer-carrillo"],"_links":{"self":[{"href":"https:\/\/contraluzcucuta.co\/index.php?rest_route=\/wp\/v2\/posts\/33347","targetHints":{"allow":["GET"]}}],"collection":[{"href":"https:\/\/contraluzcucuta.co\/index.php?rest_route=\/wp\/v2\/posts"}],"about":[{"href":"https:\/\/contraluzcucuta.co\/index.php?rest_route=\/wp\/v2\/types\/post"}],"author":[{"embeddable":true,"href":"https:\/\/contraluzcucuta.co\/index.php?rest_route=\/wp\/v2\/users\/1"}],"replies":[{"embeddable":true,"href":"https:\/\/contraluzcucuta.co\/index.php?rest_route=%2Fwp%2Fv2%2Fcomments&post=33347"}],"version-history":[{"count":1,"href":"https:\/\/contraluzcucuta.co\/index.php?rest_route=\/wp\/v2\/posts\/33347\/revisions"}],"predecessor-version":[{"id":33349,"href":"https:\/\/contraluzcucuta.co\/index.php?rest_route=\/wp\/v2\/posts\/33347\/revisions\/33349"}],"wp:featuredmedia":[{"embeddable":true,"href":"https:\/\/contraluzcucuta.co\/index.php?rest_route=\/wp\/v2\/media\/33348"}],"wp:attachment":[{"href":"https:\/\/contraluzcucuta.co\/index.php?rest_route=%2Fwp%2Fv2%2Fmedia&parent=33347"}],"wp:term":[{"taxonomy":"category","embeddable":true,"href":"https:\/\/contraluzcucuta.co\/index.php?rest_route=%2Fwp%2Fv2%2Fcategories&post=33347"},{"taxonomy":"post_tag","embeddable":true,"href":"https:\/\/contraluzcucuta.co\/index.php?rest_route=%2Fwp%2Fv2%2Ftags&post=33347"}],"curies":[{"name":"wp","href":"https:\/\/api.w.org\/{rel}","templated":true}]}}