{"id":33328,"date":"2018-11-20T21:31:02","date_gmt":"2018-11-21T02:31:02","guid":{"rendered":"http:\/\/contraluzcucuta.co\/?p=33328"},"modified":"2018-11-20T21:31:02","modified_gmt":"2018-11-21T02:31:02","slug":"ciencia-tecnologia-e-innovacion-seis-universidades-regionales-compartiran-conocimientos","status":"publish","type":"post","link":"https:\/\/contraluzcucuta.co\/?p=33328","title":{"rendered":"CIENCIA, TECNOLOG\u00cdA E INNOVACI\u00d3N. Seis universidades regionales compartir\u00e1n conocimientos"},"content":{"rendered":"<p style=\"padding-left: 60px;\"><span style=\"color: #ff6600;\"><strong>C\u00daCUTA.-<\/strong> Grupos y Semilleros de Investigaci\u00f3n de las Universidades que hacen parte del Sistema de Instituciones de Educaci\u00f3n Superior de Norte de Santander (Sies) presentan los avances en investigaci\u00f3n, extensi\u00f3n, desarrollo tecnol\u00f3gico e innovaci\u00f3n.<\/span><\/p>\n<p>La Quinta Semana Internacional de Ciencia, Tecnolog\u00eda e Innovaci\u00f3n permite fortalecer la relaci\u00f3n Universidad \u2013 Empresa \u2013 Estado y el intercambio de experiencias con investigadores nacionales e internacionales.<\/p>\n<p>La jornada se cumplir\u00e1 en la Universidad Francisco de Paula Santander (C\u00facuta y Oca\u00f1a), la Escuela de Administraci\u00f3n P\u00fablica (Esap), la Fundaci\u00f3n de Estudios Superiores (Fesc), la Universidad de Santander (Udes) y la Universidad Sim\u00f3n Bol\u00edvar.<\/p>\n<p>El encuentro tiene como prop\u00f3sito principal impulsar los \u00edndices de competitividad del departamento, por medio de alianzas estrat\u00e9gicas que fortalezcan los procesos misionales de docencia, investigaci\u00f3n, proyecci\u00f3n social en el contexto del pos acuerdo.<\/p>\n<p>El evento va dirigido a la comunidad acad\u00e9mico \u2013 cient\u00edfica y a los sectores productivos de la regi\u00f3n. Tendr\u00e1 en cuenta t\u00f3picos que comprenden los resultados de los trabajos desarrollados en las \u00e1reas de:<\/p>\n<p>1.- Ingenier\u00eda, ciencias b\u00e1sicas, ciencias agrarias y del ambiente: f\u00edsica biol\u00f3gica, f\u00edsica m\u00e9dica; f\u00edsica matem\u00e1tica; f\u00edsica qu\u00edmica y qu\u00edmica f\u00edsica; ciencia computacional; electr\u00f3nica y dispositivos; instrumentaci\u00f3n y medici\u00f3n; desarrollo tecnol\u00f3gico e innovaci\u00f3n; educaci\u00f3n y comunicaci\u00f3n.<\/p>\n<p>2.- Educaci\u00f3n, artes y humanidades, ciencias empresariales y ciencias de la salud: pr\u00e1cticas pedag\u00f3gicas, did\u00e1cticas y gesti\u00f3n educativa; estudios de arte y cultura; ciencias de la salud y el deporte; ciencias de la humanidad y comunicaci\u00f3n; ciencias sociales y comunicaci\u00f3n; estudios sociales, pol\u00edtica y derecho; negocios, administraci\u00f3n y finanzas; relaciones internacionales y econom\u00eda; educaci\u00f3n, lenguaje, literatura y ling\u00fc\u00edstica, y gastronom\u00eda y turismo.<\/p>\n<p>En la quinta versi\u00f3n se llevar\u00e1n a cabo actividades en simult\u00e1neo desde las seis sedes. Adem\u00e1s, contar\u00e1 con la presencia de ponencias orales y tipo p\u00f3ster de Estados Unidos, M\u00e9xico, Chile, Per\u00fa, Ecuador, Venezuela, Espa\u00f1a, Colombia y Costa Rica.<\/p>\n<p>En la Semana Internacional de Ciencia, Tecnolog\u00eda e Innovaci\u00f3n se brindar\u00e1n espacios que permitir\u00e1n socializar las propuestas y resultados de investigaci\u00f3n obtenidos desde las \u00e1reas del conocimiento. <\/p>\n","protected":false},"excerpt":{"rendered":"<p>C\u00daCUTA.- Grupos y Semilleros de Investigaci\u00f3n de las Universidades que hacen parte del Sistema de Instituciones de Educaci\u00f3n Superior de Norte de Santander (Sies) presentan los avances en investigaci\u00f3n, extensi\u00f3n, desarrollo tecnol\u00f3gico e innovaci\u00f3n. La Quinta Semana Internacional de Ciencia, Tecnolog\u00eda e Innovaci\u00f3n permite fortalecer la relaci\u00f3n Universidad \u2013 Empresa \u2013 Estado y el intercambio &hellip;<\/p>\n","protected":false},"author":1,"featured_media":33329,"comment_status":"open","ping_status":"open","sticky":false,"template":"","format":"standard","meta":{"footnotes":""},"categories":[74,4],"tags":[1942,4368,1617,229],"class_list":["post-33328","post","type-post","status-publish","format-standard","has-post-thumbnail","hentry","category-aula-universitaria","category-barra","tag-esap-territorial-norte-de-santander","tag-fesc","tag-udes-cucuta","tag-ufps"],"_links":{"self":[{"href":"https:\/\/contraluzcucuta.co\/index.php?rest_route=\/wp\/v2\/posts\/33328","targetHints":{"allow":["GET"]}}],"collection":[{"href":"https:\/\/contraluzcucuta.co\/index.php?rest_route=\/wp\/v2\/posts"}],"about":[{"href":"https:\/\/contraluzcucuta.co\/index.php?rest_route=\/wp\/v2\/types\/post"}],"author":[{"embeddable":true,"href":"https:\/\/contraluzcucuta.co\/index.php?rest_route=\/wp\/v2\/users\/1"}],"replies":[{"embeddable":true,"href":"https:\/\/contraluzcucuta.co\/index.php?rest_route=%2Fwp%2Fv2%2Fcomments&post=33328"}],"version-history":[{"count":1,"href":"https:\/\/contraluzcucuta.co\/index.php?rest_route=\/wp\/v2\/posts\/33328\/revisions"}],"predecessor-version":[{"id":33330,"href":"https:\/\/contraluzcucuta.co\/index.php?rest_route=\/wp\/v2\/posts\/33328\/revisions\/33330"}],"wp:attachment":[{"href":"https:\/\/contraluzcucuta.co\/index.php?rest_route=%2Fwp%2Fv2%2Fmedia&parent=33328"}],"wp:term":[{"taxonomy":"category","embeddable":true,"href":"https:\/\/contraluzcucuta.co\/index.php?rest_route=%2Fwp%2Fv2%2Fcategories&post=33328"},{"taxonomy":"post_tag","embeddable":true,"href":"https:\/\/contraluzcucuta.co\/index.php?rest_route=%2Fwp%2Fv2%2Ftags&post=33328"}],"curies":[{"name":"wp","href":"https:\/\/api.w.org\/{rel}","templated":true}]}}