{"id":33318,"date":"2018-11-20T20:10:28","date_gmt":"2018-11-21T01:10:28","guid":{"rendered":"http:\/\/contraluzcucuta.co\/?p=33318"},"modified":"2018-11-20T20:10:28","modified_gmt":"2018-11-21T01:10:28","slug":"crisis-en-la-frontera-embajadores-latinoamericanos-conocieron-situacion-de-migrantes","status":"publish","type":"post","link":"https:\/\/contraluzcucuta.co\/?p=33318","title":{"rendered":"CRISIS EN LA FRONTERA. Embajadores latinoamericanos conocieron situaci\u00f3n de migrantes"},"content":{"rendered":"<p style=\"padding-left: 60px;\"><span style=\"color: #ff6600;\"><strong>C\u00daCUTA.-<\/strong> Embajadores de pa\u00edses latinoamericanos y autoridades locales, departamentales y nacionales sostuvieron un encuentro para conocer la situaci\u00f3n de la frontera colombo-venezolana. El fin de la reuni\u00f3n era buscar alternativas internacionales que apunten al bienestar de la poblaci\u00f3n venezolana que ha migrado.<\/span><\/p>\n<p>&nbsp;\u201cSe busca darle mayor relevancia a la crisis migratoria de Venezuela y convocar a los organismos de car\u00e1cter regional\u201d, dijo Felipe Mu\u00f1oz, gerente para la Frontera con Venezuela. La Organizaci\u00f3n de los Estados Americanos (OEA) ha actuado y ha cumplido un papel desde el Consejo Permanente y la visita de los pa\u00edses miembros.<\/p>\n<p>Este es un paso definitivo y claro en las gestiones del presidente de Colombia, Iv\u00e1n Duque, y del Canciller, Carlos Holmes Trujillo, para atender a los venezolanos. La presidencia de Colombia buscar\u00e1 que haya una reflexi\u00f3n para que el gobierno del presidente Nicol\u00e1s Maduro genere acciones que apunten a evitar la migraci\u00f3n.<\/p>\n<p>La \u00faltima actualizaci\u00f3n de las cifras de Naciones Unidas arroja que existen tres millones de migrantes venezolanos en el mundo, de los cuales 2,4 millones est\u00e1n en Am\u00e9rica Latina.<\/p>\n<p>Los representantes de pa\u00edses latinoamericanos observaron c\u00f3mo atraviesan la frontera con maletas vac\u00edas y c\u00f3mo tratan de llevar algo de sustento para sus hogares. Tambi\u00e9n, atestiguaron c\u00f3mo llegan a territorio colombiano para ir hacia el interior del pa\u00eds o continuar sus recorridos hacia otras naciones.<\/p>\n<p>\u201cOtros venezolanos se quedan en Norte de Santander, en busca de alguna posibilidad de subsistencia\u201d, dijo el gobernador William Villamizar.<\/p>\n<p><strong>ACTUALIZACI\u00d3N DE BASE DE TATOS<\/strong><\/p>\n<p>Funcionarios de la Unidad Nacional para la Gesti\u00f3n del riesgo de Desastres adelanta el proceso de revisi\u00f3n, correcci\u00f3n y actualizaci\u00f3n del Registro Administrativo de Migrantes Venezolanos (RAMV) en Colombia.<\/p>\n<p>La convocatoria va dirigida a los venezolanos que se inscribieron en el censo efectuado por el Gobierno, en abril, mayo y junio, con el fin de establecer el n\u00famero dise\u00f1ar una pol\u00edtica de atenci\u00f3n humanitaria a la poblaci\u00f3n Migrante.<\/p>\n<p>El horario de atenci\u00f3n ser\u00e1 de 8:00 de la ma\u00f1ana a 12:00 del d\u00eda, en &nbsp;el Centro Integral Fronterizo, en la Urbanizaci\u00f3n Garc\u00eda Herreros, y en la tarde, en el Centro Nacional de Frontera (Cenaf), en el puente internacional Sim\u00f3n Bol\u00edvar.<\/p>\n<p>La UNGRD explic\u00f3 que la jornada es solo de actualizaci\u00f3n, no&nbsp; para nuevas inscripciones de venezolanos&nbsp; en el RAMV. <\/p>\n","protected":false},"excerpt":{"rendered":"<p>C\u00daCUTA.- Embajadores de pa\u00edses latinoamericanos y autoridades locales, departamentales y nacionales sostuvieron un encuentro para conocer la situaci\u00f3n de la frontera colombo-venezolana. El fin de la reuni\u00f3n era buscar alternativas internacionales que apunten al bienestar de la poblaci\u00f3n venezolana que ha migrado. &nbsp;\u201cSe busca darle mayor relevancia a la crisis migratoria de Venezuela y convocar &hellip;<\/p>\n","protected":false},"author":1,"featured_media":33319,"comment_status":"open","ping_status":"open","sticky":false,"template":"","format":"standard","meta":{"footnotes":""},"categories":[1326,45,4],"tags":[2483,4364,2515],"class_list":["post-33318","post","type-post","status-publish","format-standard","has-post-thumbnail","hentry","category-crisis-en-venezuela-2","category-destacado","category-barra","tag-crisis-en-la-frontera","tag-embajadores-latinoamericanos","tag-oea"],"_links":{"self":[{"href":"https:\/\/contraluzcucuta.co\/index.php?rest_route=\/wp\/v2\/posts\/33318","targetHints":{"allow":["GET"]}}],"collection":[{"href":"https:\/\/contraluzcucuta.co\/index.php?rest_route=\/wp\/v2\/posts"}],"about":[{"href":"https:\/\/contraluzcucuta.co\/index.php?rest_route=\/wp\/v2\/types\/post"}],"author":[{"embeddable":true,"href":"https:\/\/contraluzcucuta.co\/index.php?rest_route=\/wp\/v2\/users\/1"}],"replies":[{"embeddable":true,"href":"https:\/\/contraluzcucuta.co\/index.php?rest_route=%2Fwp%2Fv2%2Fcomments&post=33318"}],"version-history":[{"count":1,"href":"https:\/\/contraluzcucuta.co\/index.php?rest_route=\/wp\/v2\/posts\/33318\/revisions"}],"predecessor-version":[{"id":33320,"href":"https:\/\/contraluzcucuta.co\/index.php?rest_route=\/wp\/v2\/posts\/33318\/revisions\/33320"}],"wp:attachment":[{"href":"https:\/\/contraluzcucuta.co\/index.php?rest_route=%2Fwp%2Fv2%2Fmedia&parent=33318"}],"wp:term":[{"taxonomy":"category","embeddable":true,"href":"https:\/\/contraluzcucuta.co\/index.php?rest_route=%2Fwp%2Fv2%2Fcategories&post=33318"},{"taxonomy":"post_tag","embeddable":true,"href":"https:\/\/contraluzcucuta.co\/index.php?rest_route=%2Fwp%2Fv2%2Ftags&post=33318"}],"curies":[{"name":"wp","href":"https:\/\/api.w.org\/{rel}","templated":true}]}}