{"id":33315,"date":"2018-11-18T18:07:12","date_gmt":"2018-11-18T23:07:12","guid":{"rendered":"http:\/\/contraluzcucuta.co\/?p=33315"},"modified":"2018-11-18T18:07:12","modified_gmt":"2018-11-18T23:07:12","slug":"inspirados-en-usted-doscientas-jovencitas-disfrutaron-por-lo-alto-la-celebracion-de-sus-15-anos","status":"publish","type":"post","link":"https:\/\/contraluzcucuta.co\/?p=33315","title":{"rendered":"INSPIRADOS EN USTED. Doscientas jovencitas disfrutaron por lo alto la celebraci\u00f3n de sus 15 a\u00f1os"},"content":{"rendered":"<p style=\"padding-left: 60px;\"><span style=\"color: #ff6600;\"><strong>C\u00facuta.-<\/strong> Doscientas jovencitas residentes en C\u00facuta fueron seleccionadas para disfrutar la celebraci\u00f3n de los 15 a\u00f1os. La actividad se cumpli\u00f3 en desarrollo del proceso de Modernizaci\u00f3n y Transformaci\u00f3n Institucional (MTI), \u2018Inspirados en Usted\u2019, de la Polic\u00eda Metropolitana.<\/span><\/p>\n<p>En el regalo para las cumplea\u00f1eras participaron Juan Manuel Contreras y su esposa Laura, la Polic\u00eda Metropolitana y la Alcald\u00eda. Ante las condiciones vulnerables en las que viven y la imposibilidad de celebrarles esta fecha especial, se tom\u00f3 la decisi\u00f3n de unir esfuerzos y permitirles cumplir el sue\u00f1o, llenas de alegr\u00eda y vistiendo un bello traje.<\/p>\n<p>Las quincea\u00f1eras bailaron el tradicional vals y compartieron con familiares y allegados. Este acto permiti\u00f3 darles a las j\u00f3venes esa transformaci\u00f3n&nbsp; de paz y&nbsp; acercamiento social en esta etapa significativa en la vida de la mujer.<\/p>\n<p>Luego de varios ensayos, en los que los edecanes fueron Auxiliares de Polic\u00eda y despu\u00e9s de ajustar de detalles lleg\u00f3 el gran momento so\u00f1ado. Las homenajeadas disfrutaron el momento en el sal\u00f3n de un centro recreacional de Villa del Rosario. La calle de honor estuvo a cargo de Auxiliares de la Polic\u00eda, quienes las acompa\u00f1aron hasta donde les ten\u00edan preparadas varias sorpresas.<\/p>\n<p>La actividad dio inicio con la celebraci\u00f3n eucar\u00edstica; despu\u00e9s, la Orquesta Son de la Ley les ofreci\u00f3 la serenata y terminaron con el baile del inolvidable vals acompa\u00f1adas por los padres y auxiliares de polic\u00eda.<\/p>\n<p>El coronel Javier Barrera, comandante de la Polic\u00eda Metropolitana de C\u00facuta, dijo \u201cque todos los sue\u00f1os se hacen realidad si se trabaja en equipo, con apoyo de las autoridades, la comunidad y los familiares\u201d.<\/p>\n<p>Comerciantes y particulares aceptaron la invitaci\u00f3n para unirse a esta causa comunitaria y aportaron elementos y servicios que finalmente se consolidaron para vestir a las quincea\u00f1eras como princesas y hacerlas protagonistas de este homenaje.<\/p>\n<p>El proceso de Modernizaci\u00f3n y Transformaci\u00f3n Institucional &nbsp;ha logrado consolidar a la Polic\u00eda como instituci\u00f3n m\u00e1s humana, m\u00e1s \u00edntegra, m\u00e1s disciplinada, m\u00e1s innovadora, m\u00e1s efectiva y m\u00e1s cercana al ciudadano en esta regi\u00f3n del pa\u00eds.<\/p>\n<p>La Mecuc continuar\u00e1 con estas actividades sociales para mejorar la calidad de vida de las comunidades vulnerables y dem\u00e1s entornos. <\/p>\n","protected":false},"excerpt":{"rendered":"<p>C\u00facuta.- Doscientas jovencitas residentes en C\u00facuta fueron seleccionadas para disfrutar la celebraci\u00f3n de los 15 a\u00f1os. La actividad se cumpli\u00f3 en desarrollo del proceso de Modernizaci\u00f3n y Transformaci\u00f3n Institucional (MTI), \u2018Inspirados en Usted\u2019, de la Polic\u00eda Metropolitana. En el regalo para las cumplea\u00f1eras participaron Juan Manuel Contreras y su esposa Laura, la Polic\u00eda Metropolitana y &hellip;<\/p>\n","protected":false},"author":1,"featured_media":33316,"comment_status":"open","ping_status":"open","sticky":false,"template":"","format":"standard","meta":{"footnotes":""},"categories":[11,4],"tags":[323,163,3243],"class_list":["post-33315","post","type-post","status-publish","format-standard","has-post-thumbnail","hentry","category-cronica-roja","category-barra","tag-mecuc","tag-policia-metropolitana","tag-quinceaneras"],"_links":{"self":[{"href":"https:\/\/contraluzcucuta.co\/index.php?rest_route=\/wp\/v2\/posts\/33315","targetHints":{"allow":["GET"]}}],"collection":[{"href":"https:\/\/contraluzcucuta.co\/index.php?rest_route=\/wp\/v2\/posts"}],"about":[{"href":"https:\/\/contraluzcucuta.co\/index.php?rest_route=\/wp\/v2\/types\/post"}],"author":[{"embeddable":true,"href":"https:\/\/contraluzcucuta.co\/index.php?rest_route=\/wp\/v2\/users\/1"}],"replies":[{"embeddable":true,"href":"https:\/\/contraluzcucuta.co\/index.php?rest_route=%2Fwp%2Fv2%2Fcomments&post=33315"}],"version-history":[{"count":1,"href":"https:\/\/contraluzcucuta.co\/index.php?rest_route=\/wp\/v2\/posts\/33315\/revisions"}],"predecessor-version":[{"id":33317,"href":"https:\/\/contraluzcucuta.co\/index.php?rest_route=\/wp\/v2\/posts\/33315\/revisions\/33317"}],"wp:attachment":[{"href":"https:\/\/contraluzcucuta.co\/index.php?rest_route=%2Fwp%2Fv2%2Fmedia&parent=33315"}],"wp:term":[{"taxonomy":"category","embeddable":true,"href":"https:\/\/contraluzcucuta.co\/index.php?rest_route=%2Fwp%2Fv2%2Fcategories&post=33315"},{"taxonomy":"post_tag","embeddable":true,"href":"https:\/\/contraluzcucuta.co\/index.php?rest_route=%2Fwp%2Fv2%2Ftags&post=33315"}],"curies":[{"name":"wp","href":"https:\/\/api.w.org\/{rel}","templated":true}]}}