{"id":33312,"date":"2018-11-14T12:35:50","date_gmt":"2018-11-14T17:35:50","guid":{"rendered":"http:\/\/contraluzcucuta.co\/?p=33312"},"modified":"2018-11-14T12:35:50","modified_gmt":"2018-11-14T17:35:50","slug":"cucuta-deportivo-un-partido-de-volver","status":"publish","type":"post","link":"https:\/\/contraluzcucuta.co\/?p=33312","title":{"rendered":"C\u00daCUTA DEPORTIVO. A un partido de volver"},"content":{"rendered":"<p style=\"padding-left: 60px;\"><span style=\"color: #ff6600;\"><strong>C\u00daCUTA.-<\/strong> Los hinchas rojinegros de los a\u00f1os 90 se caracterizaban por la recocha, la euforia, la familiaridad m\u00e1s all\u00e1 del grado de consanguinidad y el reconocer la derrota, costumbres que hemos perdido en la \u00faltima d\u00e9cada.<\/span><\/p>\n<p>En 1997, el equipo no encontraba rumbo. Nos hundimos, literalmente, en lo \u00faltimo de la tabla. Las malas decisiones administrativas alejaron a los menos fieles de las gradas. Poco a poco la tribuna envejeci\u00f3 tras el abandon\u00f3 estatal. El deterioro era evidente.<\/p>\n<p>Las condiciones para volver a primera categor\u00eda se alejaban cada a\u00f1o. La gloria se desvanec\u00eda, como los nombres y las historias de esos viejos referentes del f\u00fatbol local. La identidad se hab\u00eda perdido y conseguir a un ni\u00f1o con la camisa del equipo era una proeza.<\/p>\n<p>En las temporadas siguientes no mejor\u00f3 el rendimiento. Las cifras del 99 todav\u00eda rondan por la cabeza de los historiadores. \u201cUn a\u00f1o para el olvido\u201d. En 20 partidos se lograron 2 victorias, 5 empates y 13 derrotas.<\/p>\n<p>En la memoria est\u00e1 clara esa \u00e9poca. No importaban los resultados finales, \u00e9ramos c\u00f3mplices de la desdicha, sal\u00edamos felices con ver un gol a favor, as\u00ed el marcador estuviera con tres en contra. El fracaso no hac\u00eda sucumbir a la pasi\u00f3n. Los domingos eran de visita al cementerio, mute y f\u00fatbol.&nbsp;<\/p>\n<p><strong>Un a\u00f1o antes de la gloria<\/strong><\/p>\n<p>En el 2004, las curiosidades del f\u00fatbol truncaron la haza\u00f1a que el destino ten\u00eda preparado. El equipo motil\u00f3n, a cargo de Eduardo Retat, leyenda del f\u00fatbol colombiano, hab\u00eda logrado una campa\u00f1a exitosa. En la sexta fecha de los cuadrangulares del torneo de ascenso, un poder sobrenatural y la mano negra influyeron en los \u00faltimos cinco minutos para que se diera un marcador ins\u00f3lito que sacaba de las finales al C\u00facuta Deportivo.<\/p>\n<p>Nunca en mi vida hab\u00eda visto jugar a mi equipo del alma contra los grandes de la televisi\u00f3n. So\u00f1aba, incontroladamente, desde que ten\u00eda memoria con ese momento imposible de superar. La espera se prolong\u00f3 otro a\u00f1o.<\/p>\n<p><strong>Vamos \u201cA\u201d volver<\/strong><\/p>\n<p>Recuerdo el calor de esa fecha maravillosa, cuando todav\u00eda iba de la mano de mi padre al estadio General Santander. Eran las 8:00 de la ma\u00f1ana y las bocinas de aire comprimido de la barra \u2018Los de siempre\u2019 &nbsp;reventaban a altos decibeles las calles del barrio Lleras.<\/p>\n<p>En los a\u00f1os anteriores hab\u00eda asistido sin falta a General y nunca vi el estadio al tope de la capacidad. Era 10 de diciembre de 2005. La temperatura de la ciudad empezaba a aumentar a los tradicionales 30 grados cent\u00edgrados. Mi pap\u00e1 compr\u00f3 una paleta para aguantar las largas horas de fila que nos esperaban. Yo estaba en una especie de limbo, no molest\u00e9 ni para ir al ba\u00f1o, fui consciente del momento tan importante y solo deb\u00eda esperar con paciencia la hora del pitido inicial.<\/p>\n<p>3:30 de la tarde. La bandeja oriental no soportaba un alma m\u00e1s, los muchachos de \u2018La Trinchera Norte\u2019 sacud\u00edan el humo rojo y negro de los extintores, los baldados de hielo derretido de los vendedores ambulantes volaban, la euforia del Indio Motil\u00f3n hac\u00eda poner los pelos de punta, &nbsp;ondeaba la bandera entre saltos, mientras bailaba a manera de ritual. Las recamaras de p\u00f3lvora, los voladores, los rollos de m\u00e1quinas de contadur\u00eda planeando en el aire dejaban una estela blanca en el campo de juego.<\/p>\n<p>El borracho medio dormido, el que chiflaba como profesional, los pelados de las comunas, el que no consigui\u00f3 entrada y se subi\u00f3 al \u00e1rbol que sobrepasaba la vieja tribuna sur, las bombas infladas, los papelillos de peri\u00f3dico, los ni\u00f1os jugando con las latas de cerveza, el chicharr\u00f3n acompa\u00f1ado del bofe y los comentaristas emp\u00edricos que ve\u00edan el partido desde la vieja malla.<\/p>\n<p><strong>Una generaci\u00f3n m\u00e1s fiel<\/strong><\/p>\n<p>Una instituci\u00f3n como el C\u00facuta Deportivo no tiene derecho a ganar de manera f\u00e1cil. Como equipo chico econ\u00f3micamente le corresponde la parte m\u00e1s linda y larga del f\u00fatbol, la sufrida, la que causa angustias y desespero, pero que a final de cuentas arropa con pasi\u00f3n a los aficionados.<\/p>\n<p>No quiere decir que no nos guste ganar torneos, pero no ser\u00eda lo mismo. El sentimiento con el que empezamos a querer a este equipo es distinto al monopolio de t\u00edtulos. La humildad y la devoci\u00f3n, probablemente, son la insignia de la tribu motilona, porque a la final son muchos los que juegan al f\u00fatbol y pocos los que ganan.&nbsp;<\/p>\n<p>La nueva generaci\u00f3n de hinchas del C\u00facuta Deportivo reconoce los canticos simples del \u201cs\u00ed se puede\u201d y las estrofas rimadas de historias de gitanas en los coros de la Banda del Indio. Compra la camisa original con orgullo por ser patrocinada y fabricada por una empresa regional y asiste sin falta en los mejores momentos \u201ccomo todo seguidor de resultados\u201d.<\/p>\n<p>A pesar de las cr\u00edticas de los m\u00e1s fieles e incondicionales, no deja de sorprender la grandeza y el acopio con que se vive cada partido. Desde la llegada de Lucas Pusineri, la confianza del plantel volvi\u00f3, la seguridad de buen f\u00fatbol se siente en el campo de juego y en las tribunas. Y el sue\u00f1o vuelve a nacer como hace m\u00e1s de 10 a\u00f1os, cuando esta generaci\u00f3n vio por primera vez campe\u00f3n al m\u00e1s grande del oriente colombiano.&nbsp;&nbsp;<\/p>\n<p><strong>RUB\u00c9N CAF\u00da AGUDELO<\/strong> <\/p>\n","protected":false},"excerpt":{"rendered":"<p>C\u00daCUTA.- Los hinchas rojinegros de los a\u00f1os 90 se caracterizaban por la recocha, la euforia, la familiaridad m\u00e1s all\u00e1 del grado de consanguinidad y el reconocer la derrota, costumbres que hemos perdido en la \u00faltima d\u00e9cada. En 1997, el equipo no encontraba rumbo. Nos hundimos, literalmente, en lo \u00faltimo de la tabla. Las malas decisiones &hellip;<\/p>\n","protected":false},"author":1,"featured_media":33313,"comment_status":"open","ping_status":"open","sticky":false,"template":"","format":"standard","meta":{"footnotes":""},"categories":[4,28],"tags":[1165,192,1166,1988],"class_list":["post-33312","post","type-post","status-publish","format-standard","has-post-thumbnail","hentry","category-barra","category-vistazo-deportivo","tag-banda-del-indio","tag-cucuta-deportivo","tag-estadio-general-santander","tag-futbol-de-segunda"],"_links":{"self":[{"href":"https:\/\/contraluzcucuta.co\/index.php?rest_route=\/wp\/v2\/posts\/33312","targetHints":{"allow":["GET"]}}],"collection":[{"href":"https:\/\/contraluzcucuta.co\/index.php?rest_route=\/wp\/v2\/posts"}],"about":[{"href":"https:\/\/contraluzcucuta.co\/index.php?rest_route=\/wp\/v2\/types\/post"}],"author":[{"embeddable":true,"href":"https:\/\/contraluzcucuta.co\/index.php?rest_route=\/wp\/v2\/users\/1"}],"replies":[{"embeddable":true,"href":"https:\/\/contraluzcucuta.co\/index.php?rest_route=%2Fwp%2Fv2%2Fcomments&post=33312"}],"version-history":[{"count":1,"href":"https:\/\/contraluzcucuta.co\/index.php?rest_route=\/wp\/v2\/posts\/33312\/revisions"}],"predecessor-version":[{"id":33314,"href":"https:\/\/contraluzcucuta.co\/index.php?rest_route=\/wp\/v2\/posts\/33312\/revisions\/33314"}],"wp:attachment":[{"href":"https:\/\/contraluzcucuta.co\/index.php?rest_route=%2Fwp%2Fv2%2Fmedia&parent=33312"}],"wp:term":[{"taxonomy":"category","embeddable":true,"href":"https:\/\/contraluzcucuta.co\/index.php?rest_route=%2Fwp%2Fv2%2Fcategories&post=33312"},{"taxonomy":"post_tag","embeddable":true,"href":"https:\/\/contraluzcucuta.co\/index.php?rest_route=%2Fwp%2Fv2%2Ftags&post=33312"}],"curies":[{"name":"wp","href":"https:\/\/api.w.org\/{rel}","templated":true}]}}