{"id":33293,"date":"2018-11-07T21:16:05","date_gmt":"2018-11-08T02:16:05","guid":{"rendered":"http:\/\/contraluzcucuta.co\/?p=33293"},"modified":"2018-11-07T21:16:05","modified_gmt":"2018-11-08T02:16:05","slug":"fiesta-del-teatro-grupos-nacionales-y-dos-extranjeros-en-el-area-metropolitana","status":"publish","type":"post","link":"https:\/\/contraluzcucuta.co\/?p=33293","title":{"rendered":"FIESTA DEL TEATRO. Once grupos nacionales y dos extranjeros, en el \u00c1rea Metropolitana"},"content":{"rendered":"<p style=\"padding-left: 60px;\"><span style=\"color: #ff6600;\"><strong>C\u00daCUTA.-<\/strong> Tres municipios del \u00c1rea Metropolitana de C\u00facuta ser\u00e1n sede de la novena versi\u00f3n de la \u2018Fiesta del Teatro\u2019. El festival comienza hoy y se extender\u00e1 hasta el 17 de noviembre. El espacio ser\u00e1 gratis para los asistentes y est\u00e1 bajo la organizaci\u00f3n de la Corporaci\u00f3n Cultural Frontera Aire.<\/span><\/p>\n<p>La docente y teatrera Nancy Garc\u00eda calific\u00f3 al encuentro teatral como \u00fanico en la regi\u00f3n. El objetivo es ofrecer a la comunidad la posibilidad de apreciar espect\u00e1culos en diferentes escenarios de C\u00facuta, Los Patios y Villa del Rosario.<\/p>\n<p>Otras finalidades de la Fiesta son:<\/p>\n<p>1.- Contribuir a la formaci\u00f3n de p\u00fablicos para las artes esc\u00e9nicas<\/p>\n<p>2.- Disponer de momentos para disfrutar en familia<\/p>\n<p>3.- Favorecer la circulaci\u00f3n de productos nacionales<\/p>\n<p>4.- Formaci\u00f3n de nuevas generaciones art\u00edsticas en el departamento.<\/p>\n<p>Esta versi\u00f3n contar\u00e1 con la participaci\u00f3n de tres grupos regionales, ocho de Pereira, Medell\u00edn, Cali, Riohacha y Bogot\u00e1, y dos de M\u00e9xico y Venezuela.<\/p>\n<p>En total se har\u00e1n 30 funciones:<\/p>\n<p>1.- C\u00facuta. Teatro Municipal, cuyo aforo es de 260 asientos. La Torre del Reloj, para 120 espectadores. Casa Teatro C\u00facuta, para 80 asistentes. Unicentro y El Malec\u00f3n.<\/p>\n<p>2.- Los Patios. Teatro Manotas, con aforo para 100 ocupantes. Biblioteca P\u00fablica y Plazoleta San Pablo.<\/p>\n<p>3.- Villa del Rosario. Casa del General Santander y Casa de la Cultura.<\/p>\n<p>Se har\u00e1n 15 microtalleres de 4 horas que permitir\u00e1n a las nuevas generaciones nutrirse de las experiencias de los grupos participantes. <\/p>\n","protected":false},"excerpt":{"rendered":"<p>C\u00daCUTA.- Tres municipios del \u00c1rea Metropolitana de C\u00facuta ser\u00e1n sede de la novena versi\u00f3n de la \u2018Fiesta del Teatro\u2019. El festival comienza hoy y se extender\u00e1 hasta el 17 de noviembre. El espacio ser\u00e1 gratis para los asistentes y est\u00e1 bajo la organizaci\u00f3n de la Corporaci\u00f3n Cultural Frontera Aire. La docente y teatrera Nancy Garc\u00eda &hellip;<\/p>\n","protected":false},"author":1,"featured_media":33294,"comment_status":"open","ping_status":"open","sticky":false,"template":"","format":"standard","meta":{"footnotes":""},"categories":[4,37],"tags":[245],"class_list":["post-33293","post","type-post","status-publish","format-standard","has-post-thumbnail","hentry","category-barra","category-paseo-cultural","tag-fiesta-del-teatro-en-cucuta"],"_links":{"self":[{"href":"https:\/\/contraluzcucuta.co\/index.php?rest_route=\/wp\/v2\/posts\/33293","targetHints":{"allow":["GET"]}}],"collection":[{"href":"https:\/\/contraluzcucuta.co\/index.php?rest_route=\/wp\/v2\/posts"}],"about":[{"href":"https:\/\/contraluzcucuta.co\/index.php?rest_route=\/wp\/v2\/types\/post"}],"author":[{"embeddable":true,"href":"https:\/\/contraluzcucuta.co\/index.php?rest_route=\/wp\/v2\/users\/1"}],"replies":[{"embeddable":true,"href":"https:\/\/contraluzcucuta.co\/index.php?rest_route=%2Fwp%2Fv2%2Fcomments&post=33293"}],"version-history":[{"count":1,"href":"https:\/\/contraluzcucuta.co\/index.php?rest_route=\/wp\/v2\/posts\/33293\/revisions"}],"predecessor-version":[{"id":33295,"href":"https:\/\/contraluzcucuta.co\/index.php?rest_route=\/wp\/v2\/posts\/33293\/revisions\/33295"}],"wp:attachment":[{"href":"https:\/\/contraluzcucuta.co\/index.php?rest_route=%2Fwp%2Fv2%2Fmedia&parent=33293"}],"wp:term":[{"taxonomy":"category","embeddable":true,"href":"https:\/\/contraluzcucuta.co\/index.php?rest_route=%2Fwp%2Fv2%2Fcategories&post=33293"},{"taxonomy":"post_tag","embeddable":true,"href":"https:\/\/contraluzcucuta.co\/index.php?rest_route=%2Fwp%2Fv2%2Ftags&post=33293"}],"curies":[{"name":"wp","href":"https:\/\/api.w.org\/{rel}","templated":true}]}}