{"id":33287,"date":"2018-11-07T19:21:30","date_gmt":"2018-11-08T00:21:30","guid":{"rendered":"http:\/\/contraluzcucuta.co\/?p=33287"},"modified":"2018-11-07T19:21:30","modified_gmt":"2018-11-08T00:21:30","slug":"carta-de-fenalco-los-megafonos-aparatos-que-deben-erradicarse-de-la-ciudad","status":"publish","type":"post","link":"https:\/\/contraluzcucuta.co\/?p=33287","title":{"rendered":"CARTA DE FENALCO. Los meg\u00e1fonos: aparatos\u00a0 que\u00a0 deben\u00a0 erradicarse\u00a0 de\u00a0 la ciudad"},"content":{"rendered":"<p style=\"padding-left: 60px;\"><span style=\"color: #ff6600;\"><strong>C\u00daCUTA.-<\/strong> Durante mucho tiempo han hecho carrera en esta&nbsp; ciudad, y sobre todo en la zona c\u00e9ntrica,&nbsp; los llamados&nbsp; meg\u00e1fonos, herramienta&nbsp; que utilizan los vendedores&nbsp; ambulantes&nbsp; para llamar la atenci\u00f3n sobre los productos que venden. Sin embargo,&nbsp; estos elementos&nbsp; se han convertido para la comunidad,&nbsp; y en especial para&nbsp; el comercio,&nbsp; en elementos perturbadores que afectan la salud mental.<\/span><\/p>\n<p>Seg\u00fan estudios de la&nbsp; Organizaci\u00f3n Mundial de la Salud (OMS),&nbsp; y estudios auspiciados&nbsp; por&nbsp; Corponor&nbsp; y la Alcald\u00eda,&nbsp; los&nbsp; altos decibeles&nbsp; que producen&nbsp; ocasionan estr\u00e9s a quienes conviven en el radio de operaci\u00f3n.<\/p>\n<p>El ruido que producen estos&nbsp; aparatos&nbsp; y las bocinas&nbsp; de los veh\u00edculos&nbsp; se concentran en mayor grado en&nbsp; las&nbsp; avenidas 6, 7 y 8&nbsp; del centro de la ciudad y producen contaminaci\u00f3n auditiva.<\/p>\n<p>Los comerciantes siempre han solicitado la intervenci\u00f3n del gremio ante las autoridades municipales para&nbsp; buscar&nbsp; alivio&nbsp; a una enfermedad que menoscaba la salud de la comunidad.<\/p>\n<p>Con estos argumentos, creemos&nbsp; que&nbsp; las autoridades de la ciudad pueden eliminar, mediante acto administrativo, los meg\u00e1fonos&nbsp;&nbsp; como herramienta de trabajo en las ventas ambulantes y de comerciantes si es el caso.<\/p>\n<p>De lo contrario, estaremos haciendo lo que hemos venido haciendo por muchos a\u00f1os, y espor\u00e1dicamente, quitar los aparatos para luego devolverlos, lo que se convierte&nbsp; en un desgaste para la Secretar\u00eda de Gobierno y la Polic\u00eda.<\/p>\n<p>Urge, entonces, erradicarlos, porque \u2018a grandes males, grandes remedios\u2019. Si algunos pueden invocar el derecho al trabajo,&nbsp; el derecho a tener salud mental colectiva,&nbsp; prima sobre cualquier derecho particular. <\/p>\n","protected":false},"excerpt":{"rendered":"<p>C\u00daCUTA.- Durante mucho tiempo han hecho carrera en esta&nbsp; ciudad, y sobre todo en la zona c\u00e9ntrica,&nbsp; los llamados&nbsp; meg\u00e1fonos, herramienta&nbsp; que utilizan los vendedores&nbsp; ambulantes&nbsp; para llamar la atenci\u00f3n sobre los productos que venden. Sin embargo,&nbsp; estos elementos&nbsp; se han convertido para la comunidad,&nbsp; y en especial para&nbsp; el comercio,&nbsp; en elementos perturbadores que &hellip;<\/p>\n","protected":false},"author":1,"featured_media":33288,"comment_status":"open","ping_status":"open","sticky":false,"template":"","format":"standard","meta":{"footnotes":""},"categories":[14,4],"tags":[1357,4358,1526,4357],"class_list":["post-33287","post","type-post","status-publish","format-standard","has-post-thumbnail","hentry","category-articulistas","category-barra","tag-carta-de-fenalco","tag-cotaminacion-auditiva","tag-fenalco-norte-de-santander","tag-megafonos-en-cucuta"],"_links":{"self":[{"href":"https:\/\/contraluzcucuta.co\/index.php?rest_route=\/wp\/v2\/posts\/33287","targetHints":{"allow":["GET"]}}],"collection":[{"href":"https:\/\/contraluzcucuta.co\/index.php?rest_route=\/wp\/v2\/posts"}],"about":[{"href":"https:\/\/contraluzcucuta.co\/index.php?rest_route=\/wp\/v2\/types\/post"}],"author":[{"embeddable":true,"href":"https:\/\/contraluzcucuta.co\/index.php?rest_route=\/wp\/v2\/users\/1"}],"replies":[{"embeddable":true,"href":"https:\/\/contraluzcucuta.co\/index.php?rest_route=%2Fwp%2Fv2%2Fcomments&post=33287"}],"version-history":[{"count":1,"href":"https:\/\/contraluzcucuta.co\/index.php?rest_route=\/wp\/v2\/posts\/33287\/revisions"}],"predecessor-version":[{"id":33289,"href":"https:\/\/contraluzcucuta.co\/index.php?rest_route=\/wp\/v2\/posts\/33287\/revisions\/33289"}],"wp:attachment":[{"href":"https:\/\/contraluzcucuta.co\/index.php?rest_route=%2Fwp%2Fv2%2Fmedia&parent=33287"}],"wp:term":[{"taxonomy":"category","embeddable":true,"href":"https:\/\/contraluzcucuta.co\/index.php?rest_route=%2Fwp%2Fv2%2Fcategories&post=33287"},{"taxonomy":"post_tag","embeddable":true,"href":"https:\/\/contraluzcucuta.co\/index.php?rest_route=%2Fwp%2Fv2%2Ftags&post=33287"}],"curies":[{"name":"wp","href":"https:\/\/api.w.org\/{rel}","templated":true}]}}