{"id":33268,"date":"2018-11-04T19:39:43","date_gmt":"2018-11-05T00:39:43","guid":{"rendered":"http:\/\/contraluzcucuta.co\/?p=33268"},"modified":"2018-11-04T19:39:43","modified_gmt":"2018-11-05T00:39:43","slug":"conflicto-armado-280-ninos-y-adolescentes-desplazados-en-hacari","status":"publish","type":"post","link":"https:\/\/contraluzcucuta.co\/?p=33268","title":{"rendered":"CONFLICTO ARMADO. 280 ni\u00f1os y adolescentes, desplazados en Hacar\u00ed"},"content":{"rendered":"<p style=\"padding-left: 60px;\"><span style=\"color: #ff6600;\"><strong>HACAR\u00cd \u2013 Norte de Santander.-<\/strong> 280 ni\u00f1os y adolescentes con sus familias se han trasladado desde los corregimientos Mesitas y Las Juntas, en Hacar\u00ed, huy\u00e9ndole a la violencia. <\/span><\/p>\n<p>Tres Unidades M\u00f3viles del Instituto Colombiano de Bienestar Familiar (ICBF) llegaron a la cabecera municipal para atender a ni\u00f1os, adolescentes y familias v\u00edctimas de desplazamiento desde la zona rural.<\/p>\n<p>Los profesionales de la regional brindan atenci\u00f3n sicosocial, valoraci\u00f3n nutricional a ni\u00f1os, mujeres gestantes y madres lactantes, y entregan paquetes alimetarios y Bienestarina.<\/p>\n<p>El ICBF como rector del Sistema Nacional de Bienestar Familiar (SNBF) trabaja con las autoridades civiles locales y l\u00edderes de las veredas afectadas para activar rutas de atenci\u00f3n y llegar con servicios adecuados y de manera pertinente.<\/p>\n<p>Las Unidades M\u00f3viles y las entidades que hacen parte del SNBF permanecer\u00e1n en la zona para atender a la poblaci\u00f3n mientras se garantizan las condiciones de seguridad para el retorno a sus hogares.<\/p>\n<p><strong>Rechazo a enfrentamientos<\/strong><\/p>\n<p>Un rotundo rechazo a los actos violentos ocurridos en Hacar\u00ed, hicieron las autoridades reunidas en el Subcomit\u00e9 de Prevenci\u00f3n, Protecci\u00f3n y Garant\u00edas de No Repetici\u00f3n, que sesion\u00f3 en Oca\u00f1a. El acto que estuvo presidido por el secretario de Gobierno departamental, \u00c9dgar Andr\u00e9s Pallares D\u00edaz.<\/p>\n<p>Se estableci\u00f3 hacer de inmediato el censo de la poblaci\u00f3n desplazada, como consecuencia de los enfrentamientos entre el Eln y el Epl, para &nbsp;activar la ruta de atenci\u00f3n de la Alcald\u00eda de Hacar\u00ed, la Gobernaci\u00f3n de Norte de Santander y la Unidad Nacional de V\u00edctimas.<\/p>\n<p>La Defensor\u00eda del Pueblo enviar\u00e1 una comisi\u00f3n de verificaci\u00f3n al lugar y a las comunidades afectadas. \u201cLa fuerza p\u00fablica extremar\u00e1 las medidas necesarias, protocolos y operativos requeridos para lograr el control de la zona\u201d, precis\u00f3 Pallares D\u00edaz.<\/p>\n<p>La Gobernaci\u00f3n de Norte de Santander y la Alcald\u00eda de Hacar\u00ed activaron los planes de contingencia, al tiempo que se hizo seguimiento para coordinar la atenci\u00f3n a la poblaci\u00f3n desplazada. <\/p>\n","protected":false},"excerpt":{"rendered":"<p>HACAR\u00cd \u2013 Norte de Santander.- 280 ni\u00f1os y adolescentes con sus familias se han trasladado desde los corregimientos Mesitas y Las Juntas, en Hacar\u00ed, huy\u00e9ndole a la violencia. Tres Unidades M\u00f3viles del Instituto Colombiano de Bienestar Familiar (ICBF) llegaron a la cabecera municipal para atender a ni\u00f1os, adolescentes y familias v\u00edctimas de desplazamiento desde la &hellip;<\/p>\n","protected":false},"author":1,"featured_media":33269,"comment_status":"open","ping_status":"open","sticky":false,"template":"","format":"standard","meta":{"footnotes":""},"categories":[4,2630],"tags":[405,718,465],"class_list":["post-33268","post","type-post","status-publish","format-standard","has-post-thumbnail","hentry","category-barra","category-gobernacion","tag-bienestar-familiar","tag-conflicto-armado","tag-icbf"],"_links":{"self":[{"href":"https:\/\/contraluzcucuta.co\/index.php?rest_route=\/wp\/v2\/posts\/33268","targetHints":{"allow":["GET"]}}],"collection":[{"href":"https:\/\/contraluzcucuta.co\/index.php?rest_route=\/wp\/v2\/posts"}],"about":[{"href":"https:\/\/contraluzcucuta.co\/index.php?rest_route=\/wp\/v2\/types\/post"}],"author":[{"embeddable":true,"href":"https:\/\/contraluzcucuta.co\/index.php?rest_route=\/wp\/v2\/users\/1"}],"replies":[{"embeddable":true,"href":"https:\/\/contraluzcucuta.co\/index.php?rest_route=%2Fwp%2Fv2%2Fcomments&post=33268"}],"version-history":[{"count":1,"href":"https:\/\/contraluzcucuta.co\/index.php?rest_route=\/wp\/v2\/posts\/33268\/revisions"}],"predecessor-version":[{"id":33270,"href":"https:\/\/contraluzcucuta.co\/index.php?rest_route=\/wp\/v2\/posts\/33268\/revisions\/33270"}],"wp:attachment":[{"href":"https:\/\/contraluzcucuta.co\/index.php?rest_route=%2Fwp%2Fv2%2Fmedia&parent=33268"}],"wp:term":[{"taxonomy":"category","embeddable":true,"href":"https:\/\/contraluzcucuta.co\/index.php?rest_route=%2Fwp%2Fv2%2Fcategories&post=33268"},{"taxonomy":"post_tag","embeddable":true,"href":"https:\/\/contraluzcucuta.co\/index.php?rest_route=%2Fwp%2Fv2%2Ftags&post=33268"}],"curies":[{"name":"wp","href":"https:\/\/api.w.org\/{rel}","templated":true}]}}