{"id":33263,"date":"2018-11-04T19:01:08","date_gmt":"2018-11-05T00:01:08","guid":{"rendered":"http:\/\/contraluzcucuta.co\/?p=33263"},"modified":"2018-11-04T19:01:08","modified_gmt":"2018-11-05T00:01:08","slug":"ayuda-en-accion-atencion-y-proteccion-de-migrantes-venezolanos-y-colombianos-en-cucuta","status":"publish","type":"post","link":"https:\/\/contraluzcucuta.co\/?p=33263","title":{"rendered":"AYUDA EN ACCI\u00d3N. Atenci\u00f3n y protecci\u00f3n de migrantes venezolanos y colombianos en C\u00facuta"},"content":{"rendered":"<p style=\"padding-left: 60px;\"><span style=\"color: #ff6600;\"><strong>C\u00daCUTA.-<\/strong> La Fundaci\u00f3n Ayuda en Acci\u00f3n se sumar\u00e1 a los esfuerzos del Gobierno y &nbsp;entidades&nbsp; y organizaciones internacionales para ayudar en la&nbsp; atenci\u00f3n humanitaria a migrantes venezolanos y colombianos retornados en situaci\u00f3n de extrema vulnerabilidad, que cruzan la frontera de Villa del Rosario en C\u00facuta.<\/span><\/p>\n<p>La acci\u00f3n estar\u00e1 financiada por la Agencia Espa\u00f1ola de Cooperaci\u00f3n internacional para el Desarrollo. La inversi\u00f3n superar\u00e1 los $ 1500 millones y ser\u00e1 acompa\u00f1ada por&nbsp; la Corporaci\u00f3n Scalabrini, como socio local en el territorio.<\/p>\n<p>La crisis migratoria, que comenz\u00f3 a finales del 2015, se ha agravado durante el \u00faltimo a\u00f1o debido a la escasez de recursos b\u00e1sicos para la sobrevivencia en Venezuela.&nbsp; De acuerdo con el director general de Migraci\u00f3n Colombia, a finales de 2017&nbsp; se encontraban&nbsp; en Colombia m\u00e1s de 550.000 venezolanos. Hoy, pueden superar el mill\u00f3n.<\/p>\n<p>Durante seis meses, iniciando a finales de 2018, se establecer\u00e1n dos puntos de orientaci\u00f3n en el&nbsp; paso fronterizo de Villa del Rosario con el fin de orientar a 160.000 migrantes sobre la ruta de atenci\u00f3n y legislaci\u00f3n que existe en Colombia para el tratamiento de la poblaci\u00f3n migrante que ingresa de Venezuela.<\/p>\n<p>Los migrantes recibir\u00e1n informaci\u00f3n acerca de:<\/p>\n<p>1.- Las situaciones que pueden poner en riesgo la seguridad de adultos y menores de edad.<\/p>\n<p>2.- Se contribuir\u00e1 a suplir parte de las necesidades alimentarias.<\/p>\n<p>3.- En el comedor utilizado como espacio seguro en el barrio Jos\u00e9 Bernal se prev\u00e9 ofrecer hasta 800 almuerzos diarios&nbsp; a ni\u00f1os, mujeres gestantes o en lactancia y adultos mayores.<\/p>\n<p>4.- El fin es garantizar la protecci\u00f3n frente a situaciones de riesgo.<\/p>\n<p>Trabajar\u00e1n 500 representantes comunitarios y del \u00e1mbito escolar para sensibilizar sobre el problema de la poblaci\u00f3n migrante, mediante el desarrollo de actitudes de aceptaci\u00f3n y con acciones de integraci\u00f3n e intercambio cultural y de solidaridad.<\/p>\n<p>Todo esto para la prevenci\u00f3n de actitudes de xenofobia y rechazo por parte de las comunidades de acogida y favorecer la coexistencia pac\u00edfica en C\u00facuta.<\/p>\n<p>\u201cColombia no ha sido un pa\u00eds que haya recibido migraci\u00f3n internacional, por lo menos en esta magnitud\u201d, dijo Esneyder&nbsp; Cort\u00e9s, miembro de la Fundaci\u00f3n Ayuda en Acci\u00f3n Colombia. La presencia de venezolanos en la capital de Norte de Santander ha provocado un desborde en la capacidad de atenci\u00f3n y financiera para atender necesidades b\u00e1sicas de la poblaci\u00f3n migrante.<\/p>\n<p>\u201cAnte esta grave crisis y poniendo al servicio nuestra experiencia en situaciones similares en \u00c1frica y Centroam\u00e9rica, Ayuda en Acci\u00f3n decide apoyar las necesidades humanitarias de la poblaci\u00f3n migrante proveniente de Venezuela\u201d, afirm\u00f3 Esneyder&nbsp; Cort\u00e9s.<\/p>\n<p>El trabajo se har\u00e1 en articulaci\u00f3n con las acciones que se desarrollan en el Equipo Local de Coordinaci\u00f3n, que se estableci\u00f3 en C\u00facuta para este efecto y en l\u00ednea con las pol\u00edticas del Gobierno. <\/p>\n","protected":false},"excerpt":{"rendered":"<p>C\u00daCUTA.- La Fundaci\u00f3n Ayuda en Acci\u00f3n se sumar\u00e1 a los esfuerzos del Gobierno y &nbsp;entidades&nbsp; y organizaciones internacionales para ayudar en la&nbsp; atenci\u00f3n humanitaria a migrantes venezolanos y colombianos retornados en situaci\u00f3n de extrema vulnerabilidad, que cruzan la frontera de Villa del Rosario en C\u00facuta. La acci\u00f3n estar\u00e1 financiada por la Agencia Espa\u00f1ola de Cooperaci\u00f3n &hellip;<\/p>\n","protected":false},"author":1,"featured_media":33264,"comment_status":"open","ping_status":"open","sticky":false,"template":"","format":"standard","meta":{"footnotes":""},"categories":[45,4],"tags":[2483,4355,3187],"class_list":["post-33263","post","type-post","status-publish","format-standard","has-post-thumbnail","hentry","category-destacado","category-barra","tag-crisis-en-la-frontera","tag-fundacon-ayuda-en-accion","tag-migracion-colombia"],"_links":{"self":[{"href":"https:\/\/contraluzcucuta.co\/index.php?rest_route=\/wp\/v2\/posts\/33263","targetHints":{"allow":["GET"]}}],"collection":[{"href":"https:\/\/contraluzcucuta.co\/index.php?rest_route=\/wp\/v2\/posts"}],"about":[{"href":"https:\/\/contraluzcucuta.co\/index.php?rest_route=\/wp\/v2\/types\/post"}],"author":[{"embeddable":true,"href":"https:\/\/contraluzcucuta.co\/index.php?rest_route=\/wp\/v2\/users\/1"}],"replies":[{"embeddable":true,"href":"https:\/\/contraluzcucuta.co\/index.php?rest_route=%2Fwp%2Fv2%2Fcomments&post=33263"}],"version-history":[{"count":0,"href":"https:\/\/contraluzcucuta.co\/index.php?rest_route=\/wp\/v2\/posts\/33263\/revisions"}],"wp:attachment":[{"href":"https:\/\/contraluzcucuta.co\/index.php?rest_route=%2Fwp%2Fv2%2Fmedia&parent=33263"}],"wp:term":[{"taxonomy":"category","embeddable":true,"href":"https:\/\/contraluzcucuta.co\/index.php?rest_route=%2Fwp%2Fv2%2Fcategories&post=33263"},{"taxonomy":"post_tag","embeddable":true,"href":"https:\/\/contraluzcucuta.co\/index.php?rest_route=%2Fwp%2Fv2%2Ftags&post=33263"}],"curies":[{"name":"wp","href":"https:\/\/api.w.org\/{rel}","templated":true}]}}