{"id":33252,"date":"2018-10-28T20:18:22","date_gmt":"2018-10-29T01:18:22","guid":{"rendered":"http:\/\/contraluzcucuta.co\/?p=33252"},"modified":"2018-10-28T20:27:34","modified_gmt":"2018-10-29T01:27:34","slug":"ministerio-de-cultura-inversion-de-1000-millones-para-recuperar-parque-grancolombiano","status":"publish","type":"post","link":"https:\/\/contraluzcucuta.co\/?p=33252","title":{"rendered":"MINISTERIO DE CULTURA. Inversi\u00f3n de $ 1000 millones para recuperar Parque Grancolombiano"},"content":{"rendered":"<p style=\"padding-left: 60px;\"><span style=\"color: #ff6600;\"><strong>VILLA DEL ROSARIO \u2013 Norte de Santander.-<\/strong> Mil millones de pesos, invertir\u00e1 el ministerio de Cultura en la recuperaci\u00f3n del Parque Grancolombiano y la Casa Museo General Santander, en Villa del Rosario. El anuncio lo hizo la titular del despacho Carmen In\u00e9s V\u00e1squez en la reciente visita a la zona de frontera.<\/span><\/p>\n<p>Gestores culturales, creadores, agentes, artistas y realizadores se dieron cita en la Casa Museo del General Santander, en Villa del Rosario, para plasmar los insumos para el Plan Nacional de Desarrollo del gobierno del presidente Iv\u00e1n Duque.<\/p>\n<p>En Norte de Santander se trabajar\u00e1 en:<\/p>\n<p>1.- Mesas de cultura y territorio<\/p>\n<p>2.- Creatividad y desarrollo<\/p>\n<p>3.- Patrimonio y memoria<\/p>\n<p>4.- Econom\u00eda Naranja.<\/p>\n<p>Los resultados de la jornada se contemplaron en el conversatorio \u2018Cultura y Territorio \u2013 Di\u00e1logo en Regi\u00f3n\u2019. La jornada fue moderada por la ministra de cultura Carmen In\u00e9s V\u00e1squez. Este fue el primer espacio regional en el que la cartera ministerial dialoga con las comunidades.<\/p>\n<p>El prop\u00f3sito era escuchar a sectores y comunidades, para crear lo que el presidente Duque ha llamado \u2018el gran pacto por Colombia\u2019. En este paquete hay coincidencias y temas en com\u00fan que pueden sacarse adelante, desprendi\u00e9ndose de acciones para el trabajo conjunto, coment\u00f3 la Ministra.<\/p>\n<p>El gobernador William Villamizar manifest\u00f3 que las conclusiones fomentan la participaci\u00f3n cultural, la protecci\u00f3n de los bienes patrimoniales, la productividad y el emprendimiento para la comunidad.<\/p>\n<p>La ministra V\u00e1squez recorri\u00f3 el Parque Gran Colombiano y la Casa Museo General Santander. Evidenci\u00f3 el estado de deterioro del lugar y anunci\u00f3 la inversi\u00f3n de $ 1000 millones para la recuperaci\u00f3n. <\/p>\n","protected":false},"excerpt":{"rendered":"<p>VILLA DEL ROSARIO \u2013 Norte de Santander.- Mil millones de pesos, invertir\u00e1 el ministerio de Cultura en la recuperaci\u00f3n del Parque Grancolombiano y la Casa Museo General Santander, en Villa del Rosario. El anuncio lo hizo la titular del despacho Carmen In\u00e9s V\u00e1squez en la reciente visita a la zona de frontera. Gestores culturales, creadores, &hellip;<\/p>\n","protected":false},"author":1,"featured_media":33253,"comment_status":"open","ping_status":"open","sticky":false,"template":"","format":"standard","meta":{"footnotes":""},"categories":[4,2630,37],"tags":[4353,658,4352],"class_list":["post-33252","post","type-post","status-publish","format-standard","has-post-thumbnail","hentry","category-barra","category-gobernacion","category-paseo-cultural","tag-casa-del-general-santander","tag-ministerio-de-cultura","tag-parque-grancolombiano"],"_links":{"self":[{"href":"https:\/\/contraluzcucuta.co\/index.php?rest_route=\/wp\/v2\/posts\/33252","targetHints":{"allow":["GET"]}}],"collection":[{"href":"https:\/\/contraluzcucuta.co\/index.php?rest_route=\/wp\/v2\/posts"}],"about":[{"href":"https:\/\/contraluzcucuta.co\/index.php?rest_route=\/wp\/v2\/types\/post"}],"author":[{"embeddable":true,"href":"https:\/\/contraluzcucuta.co\/index.php?rest_route=\/wp\/v2\/users\/1"}],"replies":[{"embeddable":true,"href":"https:\/\/contraluzcucuta.co\/index.php?rest_route=%2Fwp%2Fv2%2Fcomments&post=33252"}],"version-history":[{"count":1,"href":"https:\/\/contraluzcucuta.co\/index.php?rest_route=\/wp\/v2\/posts\/33252\/revisions"}],"predecessor-version":[{"id":33254,"href":"https:\/\/contraluzcucuta.co\/index.php?rest_route=\/wp\/v2\/posts\/33252\/revisions\/33254"}],"wp:featuredmedia":[{"embeddable":true,"href":"https:\/\/contraluzcucuta.co\/index.php?rest_route=\/wp\/v2\/media\/33253"}],"wp:attachment":[{"href":"https:\/\/contraluzcucuta.co\/index.php?rest_route=%2Fwp%2Fv2%2Fmedia&parent=33252"}],"wp:term":[{"taxonomy":"category","embeddable":true,"href":"https:\/\/contraluzcucuta.co\/index.php?rest_route=%2Fwp%2Fv2%2Fcategories&post=33252"},{"taxonomy":"post_tag","embeddable":true,"href":"https:\/\/contraluzcucuta.co\/index.php?rest_route=%2Fwp%2Fv2%2Ftags&post=33252"}],"curies":[{"name":"wp","href":"https:\/\/api.w.org\/{rel}","templated":true}]}}