{"id":33233,"date":"2018-10-23T20:19:46","date_gmt":"2018-10-24T01:19:46","guid":{"rendered":"http:\/\/contraluzcucuta.co\/?p=33233"},"modified":"2018-10-23T20:19:46","modified_gmt":"2018-10-24T01:19:46","slug":"iii-encuentro-de-muralismo-memoria-paz-y-tradiciones-vivas-un-grito-de-paz-en-latinoamerica","status":"publish","type":"post","link":"https:\/\/contraluzcucuta.co\/?p=33233","title":{"rendered":"III ENCUENTRO DE MURALISMO. Memoria, paz y tradiciones vivas. Un grito de paz en Latinoam\u00e9rica"},"content":{"rendered":"<p style=\"padding-left: 60px;\"><span style=\"color: #ff6600;\"><strong>PAMPLONA \u2013 Norte de Santander.-<\/strong> El III Encuentro de Muralismo, por la paz en nuestros pueblos, este a\u00f1o tiene como tem\u00e1tica central &nbsp;\u2018Memoria, paz y tradiciones vivas\u2019. Participan 44 artistas y 5 pa\u00edses invitados.<\/span><\/p>\n<p>Norte de Santander crece en la aspiraci\u00f3n de ser la primera galer\u00eda art\u00edstica a cielo abierto. El muralismo, las t\u00e9cnicas mixtas, el esgrafiado, la aerograf\u00eda y pintura, entre otras expresiones,&nbsp; se toman muros y paredes en los pueblos que este a\u00f1o llenar\u00e1n las calles de historia, arte y color.&nbsp;<\/p>\n<p>Diego Barajas, coordinador general del Encuentro, dijo que \u201cla finalidad del Encuentro, adem\u00e1s de cumplir una gran cita art\u00edstica, es llevar un mensaje de paz y amor\u201d. El objetivo es que mediante el arte y la vinculaci\u00f3n social, se sepa que este es un territorio que respira paz y oportunidades.<\/p>\n<p>El Encuentro se expande a paso firme. \u201cLos pa\u00edses invitados no solo quieren hablar de paz como mensaje emotivo, sino que &nbsp;desean gestar una brecha cultural en la educaci\u00f3n\u201d, se\u00f1al\u00f3 Jaime Uribe, l\u00edder delEncuentro. M\u00e9xico, Chile, Bolivia, Venezuela y Argentina hacen parte de los expositores.<\/p>\n<p>Este a\u00f1o, los municipios intervenidos ser\u00e1n Pamplona, Pamplonita, Toledo, Herr\u00e1n, Ragonvalia, Durania, La Esperanza, Cachira y Chin\u00e1cota, como epicentro de paz.<\/p>\n<p>Una importante obra se proyecta en el emblem\u00e1tico Teatro J\u00e1uregui de la Universidad de Pamplona, en donde se elaborar\u00e1 un mural que hable de la historia ancestral y el recorrido de la Pamplona antigua, hasta hoy.<\/p>\n<p>Este a\u00f1o, Cariongo Plaza Hotel tambi\u00e9n abre sus puertas a una nueva intervenci\u00f3n. La fachada exaltar\u00e1 la imagen del Cara de Oro, como representaci\u00f3n pict\u00f3rica, teniendo en cuenta las obras del maestro Eduardo Ram\u00edrez Villamizar y Emiliano Villamizar.<\/p>\n<p><strong>Artistas invitados<\/strong><\/p>\n<p><strong>Internacionales<\/strong><\/p>\n<ol>\n<li>M\u00e9xico. Duek, C\u00e9sar Itzcoatl, F\u00f3sil, Alberto Torres (ponente)<\/li>\n<\/ol>\n<p>2.- Argentina. Jorge Misart, Martin Grau, Sergio Herrera, Luciana Mu\u00f1oz<\/p>\n<p>3.- Chile. Macro, Nicolas Sark Pewun<\/p>\n<p>4.- Bolivia.&nbsp; Guillermo Tejerina<\/p>\n<p>5.- Venezuela. Luis Jos\u00e9 Ordaz, Ram\u00f3n Pimentel, Ronald D\u00edaz, Javier Di Muro, Wolfgang Salazar (badsura), Jean Paulo Betancourt.<\/p>\n<p><strong>Nacionales<\/strong><\/p>\n<p>1.- Bogot\u00e1.&nbsp; Diego G\u00f3mez, Celeste Monpar, Jerome Stro<\/p>\n<p>2.- Medell\u00edn. Carmen \u00c1lvarez,<\/p>\n<p>3.- Boyac\u00e1. Sebasti\u00e1n Mendoza<\/p>\n<p>4.- Cali. Himer Loimna<\/p>\n<p>5.- Bucaramanga. Yuber Alejandro, Rito Hemel Pati\u00f1o Santos, Franklin Andrey Arcila Piaguaje (Lebrija \u2013 Santander).<\/p>\n<p><strong>Regionales<\/strong><\/p>\n<p>1.- C\u00facuta.&nbsp; Showy, Daniel Ladino, Laxar, Yesux, Lucho Brahim, Sergio (Bayo)<\/p>\n<p>2.- Pamplona. Chema Galer\u00edas, Sandro Camargo, Claudia Luna, Rudy Velasco, Colectivo Universidad de Pamplona, Electrotren<\/p>\n<p>3.- Oca\u00f1a. Alexander Motta Pallares<\/p>\n<p>4.- Chin\u00e1cota. Jos\u00e9 Daniel Gamboa, Jhon Ojeda, Javier Ram\u00edrez, Daniel Mendoza, Juan Fernando Rangel Villamizar. <\/p>\n","protected":false},"excerpt":{"rendered":"<p>PAMPLONA \u2013 Norte de Santander.- El III Encuentro de Muralismo, por la paz en nuestros pueblos, este a\u00f1o tiene como tem\u00e1tica central &nbsp;\u2018Memoria, paz y tradiciones vivas\u2019. Participan 44 artistas y 5 pa\u00edses invitados. Norte de Santander crece en la aspiraci\u00f3n de ser la primera galer\u00eda art\u00edstica a cielo abierto. El muralismo, las t\u00e9cnicas mixtas, &hellip;<\/p>\n","protected":false},"author":1,"featured_media":33234,"comment_status":"open","ping_status":"open","sticky":false,"template":"","format":"standard","meta":{"footnotes":""},"categories":[45,4,37],"tags":[4348,4349],"class_list":["post-33233","post","type-post","status-publish","format-standard","has-post-thumbnail","hentry","category-destacado","category-barra","category-paseo-cultural","tag-encuentro-de-muralismo","tag-hotel-cariongo"],"_links":{"self":[{"href":"https:\/\/contraluzcucuta.co\/index.php?rest_route=\/wp\/v2\/posts\/33233","targetHints":{"allow":["GET"]}}],"collection":[{"href":"https:\/\/contraluzcucuta.co\/index.php?rest_route=\/wp\/v2\/posts"}],"about":[{"href":"https:\/\/contraluzcucuta.co\/index.php?rest_route=\/wp\/v2\/types\/post"}],"author":[{"embeddable":true,"href":"https:\/\/contraluzcucuta.co\/index.php?rest_route=\/wp\/v2\/users\/1"}],"replies":[{"embeddable":true,"href":"https:\/\/contraluzcucuta.co\/index.php?rest_route=%2Fwp%2Fv2%2Fcomments&post=33233"}],"version-history":[{"count":1,"href":"https:\/\/contraluzcucuta.co\/index.php?rest_route=\/wp\/v2\/posts\/33233\/revisions"}],"predecessor-version":[{"id":33235,"href":"https:\/\/contraluzcucuta.co\/index.php?rest_route=\/wp\/v2\/posts\/33233\/revisions\/33235"}],"wp:featuredmedia":[{"embeddable":true,"href":"https:\/\/contraluzcucuta.co\/index.php?rest_route=\/wp\/v2\/media\/33234"}],"wp:attachment":[{"href":"https:\/\/contraluzcucuta.co\/index.php?rest_route=%2Fwp%2Fv2%2Fmedia&parent=33233"}],"wp:term":[{"taxonomy":"category","embeddable":true,"href":"https:\/\/contraluzcucuta.co\/index.php?rest_route=%2Fwp%2Fv2%2Fcategories&post=33233"},{"taxonomy":"post_tag","embeddable":true,"href":"https:\/\/contraluzcucuta.co\/index.php?rest_route=%2Fwp%2Fv2%2Ftags&post=33233"}],"curies":[{"name":"wp","href":"https:\/\/api.w.org\/{rel}","templated":true}]}}