{"id":33227,"date":"2018-10-23T13:56:23","date_gmt":"2018-10-23T18:56:23","guid":{"rendered":"http:\/\/contraluzcucuta.co\/?p=33227"},"modified":"2018-10-23T13:56:23","modified_gmt":"2018-10-23T18:56:23","slug":"mano-mano-con-esteban-jaramillo-un-ciego-dijo-una-vez-usted-hace-ver-el-futbol","status":"publish","type":"post","link":"https:\/\/contraluzcucuta.co\/?p=33227","title":{"rendered":"MANO A MANO CON ESTEBAN JARAMILLO. Un ciego me dijo\u00a0 una vez: usted me hace ver el f\u00fatbol"},"content":{"rendered":"<p style=\"padding-left: 60px;\"><span style=\"color: #ff6600;\"><strong>C\u00daCUTA.-<\/strong> Para Esteban Jaramillo el periodismo es una profesi\u00f3n muy rica a pesar de todo lo bueno o lo malo que traiga. Al principio no quer\u00eda que su hijo Luis Felipe fuera periodista. No le gusta la arracacha, ve con mal gusto que el pa\u00eds viva de dicotom\u00edas. Entre libros, entrevistas, programas de radio y televisi\u00f3n, este administrador de empresas le pide a la nueva generaci\u00f3n que tenga memoria hist\u00f3rica y a los periodistas antiguos, que no resistan a los nuevos. Antes bien, aprendan al igual que la nueva generaci\u00f3n de comunicadores sociales.<\/span><\/p>\n<p>Momentos como el reconocimiento de un ciego, el encuentro con un jefe paramilitar y muchos premios en el periodismo hacen de Esteban Jaramillo un hombre agradecido con Dios por el camino que ha tomado.<\/p>\n<p><strong>\u00bfC\u00f3mo empieza su historia en el periodismo?<\/strong><\/p>\n<ul>\n<li><em>Nunca pens\u00e9 que iba a ser periodista, pens\u00e9 que iba a ser cafetero. Soy experto en caf\u00e9, manejo bien el tema desde que compro la semilla hasta que la exporto. Pens\u00e9 que iba a ser maderero, porque s\u00e9 procesar la madera, o administrador de empresas que es lo que estudi\u00e9. Pero las circunstancias de la vida me llevaron a practicar periodismo. Lo he disfrutado, lo hago y soy feliz. <\/em><\/li>\n<\/ul>\n<p><strong>\u00bfEn qu\u00e9 momento se decidi\u00f3 por el periodismo deportivo?<\/strong><\/p>\n<ul>\n<li><em>Fui descartando las posibilidades que la vida me daba. Tengo hermanos curas, pero nunca me plante\u00e9 ser sacerdote; llegu\u00e9 a pensar en ser camionero, tener un cami\u00f3n y viajar por el pa\u00eds. Termin\u00e9 siendo periodista, porque jugaba f\u00fatbol. Una vez me invitaron a jugar en compa\u00f1\u00eda de mi hermano, a reforzar un equipo famoso de periodistas que no ganaba nunca, ese d\u00eda gan\u00f3. Me qued\u00e9 con ellos y me abrieron la puerta para ser periodista.&nbsp; Me llevaron a hacer periodismo en el peri\u00f3dico La Patria. Al principio, era renuente a hacerlo; despu\u00e9s, me convenc\u00ed. Paralelo, hice mis estudios profesionales y cuando me grad\u00fae entend\u00ed que el futuro lo pod\u00eda encontrar dentro del&nbsp; periodismo y eso me signific\u00f3 ser feliz, educar a mis hijos y adquirir estabilidad, presente y futuro. <\/em><\/li>\n<\/ul>\n<p><strong>\u00bfQu\u00e9 recuerda de la primera vez que estuvo frente a un micr\u00f3fono?<\/strong><\/p>\n<ul>\n<li><em>No estaba preparado. Empec\u00e9 en un evento de motociclismo y automovilismo. Estaba Jorge Eli\u00e9cer Campuzano como locutor, yo hac\u00eda mis primeras entrevistas, mis pinitos en los vestuarios. Trabaja en Todelar Manizales. Dijo que cuando agarr\u00e9 el micr\u00f3fono lo sorprend\u00ed. Yo ten\u00eda un problema grande, era t\u00edmido y esa timidez atentaba contra los proyectos que ten\u00eda de ser audaz, osado. Gracias a Dios cambi\u00e9. No recuerdo haber tenido nervios, pero recuerdo que fue una gran experiencia y le agradezco a Jorge Eli\u00e9cer Campuzano por lo que hizo. <\/em><\/li>\n<\/ul>\n<p><strong>Entre Radio, Prensa y Televisi\u00f3n \u00bfCual prefiere y porque?<\/strong><\/p>\n<ul>\n<li><em>Las palabras se las lleva el viento, si hablamos de radio. La imagen se destruye; pero lo escrito, escrito est\u00e1. Todav\u00eda encuentro escritos que hice y que forman parte de la biblioteca de cada persona. <\/em><\/li>\n<\/ul>\n<p><strong>\u00bfEn que ha cambiado el periodismo?<\/strong><\/p>\n<ul>\n<li><em>El periodismo no cambia y el f\u00fatbol tampoco. El periodismo es el mismo que conoc\u00ed hace 40 a\u00f1os, ese mismo que nos ense\u00f1aron los abuelos, que era informar con veracidad, al igual que todas las vertientes. Lo \u00fanico que cambi\u00f3 fue la manera de ejercer el periodismo.<\/em><\/li>\n<\/ul>\n<p><strong>\u00bfQui\u00e9nes han sido sus maestros en el periodismo?<\/strong><\/p>\n<ul>\n<li><em>Javier Giraldo Neira, Jos\u00e9 Fernando Corredor, hombre que me marc\u00f3 la vida, me ense\u00f1\u00f3 demasiado; y el \u00faltimo es Juan Gossain, con quien he aprendido mucho y todav\u00eda lo hago gracias a que mantenemos una fluida comunicaci\u00f3n. <\/em><\/li>\n<\/ul>\n<p><strong>\u00bfQu\u00e9 opina de las nuevas generaciones?<\/strong><\/p>\n<ul>\n<li><em>No s\u00e9 porque hay tanta resistencia del viejo a aceptar al nuevo en el periodismo. Esas dicotom\u00edas no me gustan. En el pa\u00eds vivimos de &nbsp;eternas dicotom\u00edas todos los d\u00edas. Hay que analizar las cosas, el joven tiene el poder de innovar, tienen neuronas nuevas que est\u00e1n en constante ebullici\u00f3n y que buscan alternativas nuevas de trabajo. El periodista antiguo aporta la experticia. Me gusta trabajar con gente joven, porque me retroalimenta.<\/em><\/li>\n<\/ul>\n<p><strong>\u00bfA qu\u00e9 se debe la&nbsp; resistencia entre el periodista antiguo y el nuevo?<\/strong><\/p>\n<ul>\n<li><em>Hay periodistas viejos que est\u00e1n anquilosados y que perdieron el fervor de la profesi\u00f3n. Veo muchos viejos que trabajan con la misma voluntad que yo lo hac\u00eda 20 o 30 a\u00f1os atr\u00e1s. Hay una tendencia del periodista joven al facilismo, no lee, no investiga, no fabrica memoria, no recuerda hechos trascendentes que marcaron historia en las actividades deportivas en Colombia. El periodismo nuevo no se documenta y vive apegado al internet. Esa es una herramienta \u00fatil para el periodista, pero tambi\u00e9n es el festival de la mentira y las noticias falsas. <\/em><\/li>\n<\/ul>\n<p><strong>\u00bfQu\u00e9 opina del periodista joven que se inspira en el trabajo de colegas antiguos o de mayor trayectoria?<\/strong><\/p>\n<ul>\n<li><em>Es totalmente valido. \u00bfQui\u00e9n le quita el derecho a que un periodista de inspirarse en un colega? Es un camino ideal, porque es un espejo al que voy a mirar, al que voy a seguir. Ese espejo me conducir\u00e1 a hacer lo que esos periodistas hacen. Por ejemplo, siempre busqu\u00e9 las maneras de entrevistar de Jorge Enrique Pulido o la manera de abordar los temas con madurez y respeto hacia la gente como lo hace Juan Gossa\u00edn. <\/em><\/li>\n<\/ul>\n<p><strong>\u00bfQu\u00e9 opini\u00f3n tiene sobre las redes sociales?<\/strong><\/p>\n<ul>\n<li><em>Eso es como la arracacha, no me gusta, pero veo a mis hermanos comi\u00e9ndola con satisfacci\u00f3n; a mi hermano no le gusta la yuca, a m\u00ed me encanta. As\u00ed pasa con las redes. Las redes sociales depende de c\u00f3mo usted las utilice, c\u00f3mo las asimile y lo que busque.<\/em><\/li>\n<\/ul>\n<p><strong>\u00bfQu\u00e9 consejo les da a las nuevas generaciones?<\/strong><\/p>\n<ul>\n<li><em>Siempre voy a recomendar, adem\u00e1s de pr\u00e1cticas o maneras de hacer periodismo, que se transmita con m\u00edstica, con pasi\u00f3n, amor y dedicaci\u00f3n.<\/em><\/li>\n<\/ul>\n<p><strong>\u00bfUsted tuvo un encuentro con un comandante de las AUC en una conferencia?<\/strong><\/p>\n<ul>\n<li><em> Una vez fui a ofrecer una conferencia en Barrancabermeja, llevaban 4 a\u00f1os invit\u00e1ndome, siempre me compromet\u00eda y despu\u00e9s, por cualquier raz\u00f3n peregrina, me absten\u00eda de ir por miedo, porque era inseguro. Cuando termin\u00f3 la charla, vino un hombre empecinado en tomarse una foto. Vi que durante mi intervenci\u00f3n me miraba detenidamente, y entr\u00e9 en nervios. Me tome la foto con los asistentes a la charla, una grupal, pero con \u00e9l no. Cuando me abord\u00f3, me asegur\u00f3 que era comandante de las Autodefensas Unidas de Colombia y que su prop\u00f3sito era conocerme. La sorpresa fue que me dijo: \u201cUsted es la fuente de mi inspiraci\u00f3n, soy periodista deportivo frustrado\u201d. A los dos meses de ese suceso sali\u00f3 en el peri\u00f3dico El Tiempo: \u201cAprehendido uno de los comandantes m\u00e1s sanguinarios de las autodefensas en el Magdalena Medio. Alias Esteban cay\u00f3 en un operativo\u201d.<\/em><\/li>\n<\/ul>\n<p><strong>\u00bfC\u00f3mo se enter\u00f3 de que su hijo quer\u00eda inclinarse por el periodismo deportivo?<\/strong><\/p>\n<ul>\n<li><em>Me lo pidi\u00f3 por medio de una audiencia, algo extra\u00f1o, porque mis hijos no me ten\u00edan que pedir audiencia. Una noche me dijo: \u2018Pap\u00e1, quiero ser periodista deportivo\u2019. Le dije: \u2018No quiero que seas periodista\u2019. Despu\u00e9s, entr\u00f3 a la Javeriana a estudiar ingenier\u00eda industrial. Me trajo las notas espectaculares, me hizo sentir orgulloso como padre. Me dijo: \u2018A m\u00ed no me gusta eso\u2019. Entre en el dilema de si estaba equivocado o no. En un viaje a\u00f1o y medio, mientras recorr\u00eda el mundo con la Selecci\u00f3n, fui a dar a Estados Unidos. Ah\u00ed se me ocurri\u00f3 inscribirlo para que estudiara producci\u00f3n, cine y televisi\u00f3n. Cuando lleg\u00f3 hizo periodismo. Trabaja en la fase operativa de los eventos de Caracol. <\/em><\/li>\n<\/ul>\n<p><strong>\u00bfSe siente orgulloso por tomar esa decisi\u00f3n?<\/strong><\/p>\n<ul>\n<li><em>Siento m\u00e1s orgullo por la Mam\u00e1, porque los educ\u00f3.<\/em><\/li>\n<\/ul>\n<p><strong>\u00bfEl mejor momento que le haya tocado cubrir en la profesi\u00f3n?<\/strong><\/p>\n<ul>\n<li><em>Mi Dios me ha bendecido con ganarme varios premios nacionales de periodismo; sin embargo, no es mi m\u00e1ximo orgullo. Mi m\u00e1ximo orgullo fue un d\u00eda que me encontr\u00e9 con Apolinar Salcedo, un ciego que en el pasado fue Alcalde de Cali. Me identific\u00f3 con la mano, no s\u00e9 qu\u00e9 capacidad sensorial ten\u00eda pero me dijo: \u2018\u00bfle puedo hacer un elogio? Usted me hace ver el f\u00fatbol\u2019. Me sent\u00ed halagado, porque esos elogios lo marcan a uno y ah\u00ed es cuando uno dice que no pas\u00f3 en vano en este mundo. <\/em><\/li>\n<\/ul>\n<p><strong>\u00bfEl momento m\u00e1s triste que le haya tocado cubrir en el deporte?<\/strong><\/p>\n<ul>\n<li><em>Cuando muri\u00f3 Andr\u00e9s Escobar. Lo curioso es que un a\u00f1o despu\u00e9s gan\u00e9 el premio Sim\u00f3n Bol\u00edvar de periodismo con un trabajo que hice sobre la muerte de Andr\u00e9s. <\/em><\/li>\n<\/ul>\n<p><strong>\u00bfQu\u00e9 le agradece a la Vida?<\/strong><\/p>\n<ul>\n<li><em>Le agradezco vivir. <\/em><\/li>\n<\/ul>\n<p><strong>\u00bfC\u00f3mo podemos describir a Esteban Jaramillo?<\/strong><\/p>\n<ul>\n<li><em>Antes me costaba aceptar que era engre\u00eddo, soberbio, que hab\u00eda tocado fondo, me cost\u00f3 mucho porque la arrogancia no me lo permit\u00eda. Hice un ejercicio con los periodistas de C\u00facuta y les mostraba lo que para m\u00ed eran las debilidades del periodista. Mi sorpresa fue que encajaba en todas. Hoy soy distinto, trato de ser buen ser humano, de crear amigos, dejar buenos recuerdos, de no hacer el mal y disfrutar de lo que mi Dios me dio como profesi\u00f3n que es mi vida. <\/em><\/li>\n<\/ul>\n<p><strong>\u00bfEl periodista se nace o se hace?<\/strong><\/p>\n<ul>\n<li><em>No nac\u00ed siendo periodista, algo hab\u00eda en m\u00ed que me condujo a ser periodista. Mi pap\u00e1 era el perifoneador del barrio, era el que cog\u00eda el micr\u00f3fono e invitaba a la misa, pon\u00eda complacencias. Todos terminamos siendo periodistas y somos 13 hijos, pocos activos. Lo \u00fanico que le digo es que ser periodista es muy rico, es fabuloso. No renuncie a lo que usted busca como objetivo b\u00e1sico de su vida, sea periodista. <\/em><\/li>\n<\/ul>\n<p>&nbsp;<\/p>\n<p><strong>JORDY ORLANDO CRUZ <\/strong><\/p>\n<p>&nbsp; <\/p>\n","protected":false},"excerpt":{"rendered":"<p>C\u00daCUTA.- Para Esteban Jaramillo el periodismo es una profesi\u00f3n muy rica a pesar de todo lo bueno o lo malo que traiga. Al principio no quer\u00eda que su hijo Luis Felipe fuera periodista. No le gusta la arracacha, ve con mal gusto que el pa\u00eds viva de dicotom\u00edas. Entre libros, entrevistas, programas de radio y &hellip;<\/p>\n","protected":false},"author":1,"featured_media":33228,"comment_status":"open","ping_status":"open","sticky":false,"template":"","format":"standard","meta":{"footnotes":""},"categories":[4,28],"tags":[4346,4345,4075],"class_list":["post-33227","post","type-post","status-publish","format-standard","has-post-thumbnail","hentry","category-barra","category-vistazo-deportivo","tag-acord-norte","tag-esteban-jaramillo","tag-mano-a-mano-con"],"_links":{"self":[{"href":"https:\/\/contraluzcucuta.co\/index.php?rest_route=\/wp\/v2\/posts\/33227","targetHints":{"allow":["GET"]}}],"collection":[{"href":"https:\/\/contraluzcucuta.co\/index.php?rest_route=\/wp\/v2\/posts"}],"about":[{"href":"https:\/\/contraluzcucuta.co\/index.php?rest_route=\/wp\/v2\/types\/post"}],"author":[{"embeddable":true,"href":"https:\/\/contraluzcucuta.co\/index.php?rest_route=\/wp\/v2\/users\/1"}],"replies":[{"embeddable":true,"href":"https:\/\/contraluzcucuta.co\/index.php?rest_route=%2Fwp%2Fv2%2Fcomments&post=33227"}],"version-history":[{"count":1,"href":"https:\/\/contraluzcucuta.co\/index.php?rest_route=\/wp\/v2\/posts\/33227\/revisions"}],"predecessor-version":[{"id":33229,"href":"https:\/\/contraluzcucuta.co\/index.php?rest_route=\/wp\/v2\/posts\/33227\/revisions\/33229"}],"wp:featuredmedia":[{"embeddable":true,"href":"https:\/\/contraluzcucuta.co\/index.php?rest_route=\/wp\/v2\/media\/33228"}],"wp:attachment":[{"href":"https:\/\/contraluzcucuta.co\/index.php?rest_route=%2Fwp%2Fv2%2Fmedia&parent=33227"}],"wp:term":[{"taxonomy":"category","embeddable":true,"href":"https:\/\/contraluzcucuta.co\/index.php?rest_route=%2Fwp%2Fv2%2Fcategories&post=33227"},{"taxonomy":"post_tag","embeddable":true,"href":"https:\/\/contraluzcucuta.co\/index.php?rest_route=%2Fwp%2Fv2%2Ftags&post=33227"}],"curies":[{"name":"wp","href":"https:\/\/api.w.org\/{rel}","templated":true}]}}